{"id":61162,"date":"2026-04-23T11:34:08","date_gmt":"2026-04-23T14:34:08","guid":{"rendered":"http:\/\/masquenoticiastucuman.com.ar\/?p=61162"},"modified":"2026-04-23T11:34:08","modified_gmt":"2026-04-23T14:34:08","slug":"donald-trump-ordeno-disparar-y-destruir-a-cualquier-barco-que-ponga-minas-en-el-estrecho-de-ormuz","status":"publish","type":"post","link":"https:\/\/masquenoticiastucuman.com.ar\/?p=61162","title":{"rendered":"Donald Trump orden\u00f3 &#8220;disparar y destruir&#8221; a cualquier barco que ponga minas en el Estrecho de Ormuz"},"content":{"rendered":"<ul>\n<li>El presidente de Estados Unidos anunci\u00f3 en su red Truth Social que &#8220;no puede haber titubeos&#8221;.<\/li>\n<li>Fuentes del Pent\u00e1gono estiman que retirar las minas de ese paso mar\u00edtimo crucial puede llevar hasta seis meses. <\/li>\n<\/ul>\n<p>\u200bEl presidente de Estados Unidos anunci\u00f3 en su red Truth Social que &#8220;no puede haber titubeos&#8221;.Fuentes del Pent\u00e1gono estiman que retirar las minas de ese paso mar\u00edtimo crucial puede llevar hasta seis meses.\u00a0<a href=\"https:\/\/www.clarin.com\/mundo\/donald-trump-ordeno-disparar-destruir-cualquier-barco-ponga-minas-estrecho-ormuz_0_uNp7d0JLxv.html\" target=\"_blank\" class=\"feedzy-rss-link-icon\">Read More<\/a><\/p>","protected":false},"excerpt":{"rendered":"<p>El presidente de Estados Unidos anunci\u00f3 en su red Truth Social que &#8220;no puede haber&#8230;<\/p>\n","protected":false},"author":1,"featured_media":61163,"comment_status":"open","ping_status":"open","sticky":false,"template":"","format":"standard","meta":{"footnotes":""},"categories":[4],"tags":[],"class_list":["post-61162","post","type-post","status-publish","format-standard","has-post-thumbnail","hentry","category-internacionales"],"_links":{"self":[{"href":"https:\/\/masquenoticiastucuman.com.ar\/index.php?rest_route=\/wp\/v2\/posts\/61162","targetHints":{"allow":["GET"]}}],"collection":[{"href":"https:\/\/masquenoticiastucuman.com.ar\/index.php?rest_route=\/wp\/v2\/posts"}],"about":[{"href":"https:\/\/masquenoticiastucuman.com.ar\/index.php?rest_route=\/wp\/v2\/types\/post"}],"author":[{"embeddable":true,"href":"https:\/\/masquenoticiastucuman.com.ar\/index.php?rest_route=\/wp\/v2\/users\/1"}],"replies":[{"embeddable":true,"href":"https:\/\/masquenoticiastucuman.com.ar\/index.php?rest_route=%2Fwp%2Fv2%2Fcomments&post=61162"}],"version-history":[{"count":0,"href":"https:\/\/masquenoticiastucuman.com.ar\/index.php?rest_route=\/wp\/v2\/posts\/61162\/revisions"}],"wp:featuredmedia":[{"embeddable":true,"href":"https:\/\/masquenoticiastucuman.com.ar\/index.php?rest_route=\/wp\/v2\/media\/61163"}],"wp:attachment":[{"href":"https:\/\/masquenoticiastucuman.com.ar\/index.php?rest_route=%2Fwp%2Fv2%2Fmedia&parent=61162"}],"wp:term":[{"taxonomy":"category","embeddable":true,"href":"https:\/\/masquenoticiastucuman.com.ar\/index.php?rest_route=%2Fwp%2Fv2%2Fcategories&post=61162"},{"taxonomy":"post_tag","embeddable":true,"href":"https:\/\/masquenoticiastucuman.com.ar\/index.php?rest_route=%2Fwp%2Fv2%2Ftags&post=61162"}],"curies":[{"name":"wp","href":"https:\/\/api.w.org\/{rel}","templated":true}]}}