{"id":61164,"date":"2026-04-23T12:41:26","date_gmt":"2026-04-23T15:41:26","guid":{"rendered":"http:\/\/masquenoticiastucuman.com.ar\/?p=61164"},"modified":"2026-04-23T12:41:26","modified_gmt":"2026-04-23T15:41:26","slug":"que-debe-hacer-el-publico-para-participar-del-show-que-prepara-netflix-para-los-fans-de-sus-producciones-nacionales","status":"publish","type":"post","link":"https:\/\/masquenoticiastucuman.com.ar\/?p=61164","title":{"rendered":"Qu\u00e9 debe hacer el p\u00fablico para participar del show que prepara Netflix para los fans de sus producciones nacionales"},"content":{"rendered":"<ul>\n<li>Despu\u00e9s de haber presentado sus ficciones para 2026 y 2027, la plataforma organiza ahora &#8220;Hecho en Argentina para fans&#8221;, que se realizar\u00e1 a principios de mayo.<\/li>\n<li>Este viernes se abre la inscripci\u00f3n on-line para llenar un formulario.<\/li>\n<li>Ser\u00e1n dos d\u00edas sumergidos en el universo de la ficci\u00f3n.<\/li>\n<\/ul>\n<p>\u200bDespu\u00e9s de haber presentado sus ficciones para 2026 y 2027, la plataforma organiza ahora &#8220;Hecho en Argentina para fans&#8221;, que se realizar\u00e1 a principios de mayo.Este viernes se abre la inscripci\u00f3n on-line para llenar un formulario.Ser\u00e1n dos d\u00edas sumergidos en el universo de la ficci\u00f3n.\u00a0<a href=\"https:\/\/www.clarin.com\/espectaculos\/debe-hacer-publico-participar-show-prepara-netflix-fans-producciones-nacionales_0_J5N5hQUkPW.html\" target=\"_blank\" class=\"feedzy-rss-link-icon\">Read More<\/a><\/p>","protected":false},"excerpt":{"rendered":"<p>Despu\u00e9s de haber presentado sus ficciones para 2026 y 2027, la plataforma organiza ahora &#8220;Hecho&#8230;<\/p>\n","protected":false},"author":1,"featured_media":0,"comment_status":"open","ping_status":"open","sticky":false,"template":"","format":"standard","meta":{"footnotes":""},"categories":[5],"tags":[],"class_list":["post-61164","post","type-post","status-publish","format-standard","has-post-thumbnail","hentry","category-espectaculo"],"_links":{"self":[{"href":"https:\/\/masquenoticiastucuman.com.ar\/index.php?rest_route=\/wp\/v2\/posts\/61164","targetHints":{"allow":["GET"]}}],"collection":[{"href":"https:\/\/masquenoticiastucuman.com.ar\/index.php?rest_route=\/wp\/v2\/posts"}],"about":[{"href":"https:\/\/masquenoticiastucuman.com.ar\/index.php?rest_route=\/wp\/v2\/types\/post"}],"author":[{"embeddable":true,"href":"https:\/\/masquenoticiastucuman.com.ar\/index.php?rest_route=\/wp\/v2\/users\/1"}],"replies":[{"embeddable":true,"href":"https:\/\/masquenoticiastucuman.com.ar\/index.php?rest_route=%2Fwp%2Fv2%2Fcomments&post=61164"}],"version-history":[{"count":0,"href":"https:\/\/masquenoticiastucuman.com.ar\/index.php?rest_route=\/wp\/v2\/posts\/61164\/revisions"}],"wp:attachment":[{"href":"https:\/\/masquenoticiastucuman.com.ar\/index.php?rest_route=%2Fwp%2Fv2%2Fmedia&parent=61164"}],"wp:term":[{"taxonomy":"category","embeddable":true,"href":"https:\/\/masquenoticiastucuman.com.ar\/index.php?rest_route=%2Fwp%2Fv2%2Fcategories&post=61164"},{"taxonomy":"post_tag","embeddable":true,"href":"https:\/\/masquenoticiastucuman.com.ar\/index.php?rest_route=%2Fwp%2Fv2%2Ftags&post=61164"}],"curies":[{"name":"wp","href":"https:\/\/api.w.org\/{rel}","templated":true}]}}