{"id":61165,"date":"2026-04-23T12:11:09","date_gmt":"2026-04-23T15:11:09","guid":{"rendered":"http:\/\/masquenoticiastucuman.com.ar\/?p=61165"},"modified":"2026-04-23T12:11:09","modified_gmt":"2026-04-23T15:11:09","slug":"mas-repercusiones-del-escandalo-de-prostitucion-vip-en-italia-los-videos-y-fotos-de-las-fiestas-que-involucran-a-futbolistas","status":"publish","type":"post","link":"https:\/\/masquenoticiastucuman.com.ar\/?p=61165","title":{"rendered":"M\u00e1s repercusiones del esc\u00e1ndalo de prostituci\u00f3n VIP en Italia: los videos y fotos de las fiestas que involucran a futbolistas"},"content":{"rendered":"<ul>\n<li>A falta de Mundial, el f\u00fatbol italiano es noticia pero por motivos extradeportivos.<\/li>\n<li>La Justicia est\u00e1 detr\u00e1s de una agencia que ofrec\u00eda servicios premium para sus clientes.<\/li>\n<li>Su due\u00f1o es un empresario de 37 a\u00f1os con un alto perfil en redes sociales.<\/li>\n<\/ul>\n<p>\u200bA falta de Mundial, el f\u00fatbol italiano es noticia pero por motivos extradeportivos.La Justicia est\u00e1 detr\u00e1s de una agencia que ofrec\u00eda servicios premium para sus clientes.Su due\u00f1o es un empresario de 37 a\u00f1os con un alto perfil en redes sociales.\u00a0<a href=\"https:\/\/www.clarin.com\/deportes\/repercusiones-escandalo-prostitucion-vip-italia-videos-fotos-fiestas-involucran-futbolistas_0_6HSfgwfJXB.html\" target=\"_blank\" class=\"feedzy-rss-link-icon\">Read More<\/a><\/p>","protected":false},"excerpt":{"rendered":"<p>A falta de Mundial, el f\u00fatbol italiano es noticia pero por motivos extradeportivos. La Justicia&#8230;<\/p>\n","protected":false},"author":1,"featured_media":0,"comment_status":"open","ping_status":"open","sticky":false,"template":"","format":"standard","meta":{"footnotes":""},"categories":[6],"tags":[],"class_list":["post-61165","post","type-post","status-publish","format-standard","has-post-thumbnail","hentry","category-deportes"],"_links":{"self":[{"href":"https:\/\/masquenoticiastucuman.com.ar\/index.php?rest_route=\/wp\/v2\/posts\/61165","targetHints":{"allow":["GET"]}}],"collection":[{"href":"https:\/\/masquenoticiastucuman.com.ar\/index.php?rest_route=\/wp\/v2\/posts"}],"about":[{"href":"https:\/\/masquenoticiastucuman.com.ar\/index.php?rest_route=\/wp\/v2\/types\/post"}],"author":[{"embeddable":true,"href":"https:\/\/masquenoticiastucuman.com.ar\/index.php?rest_route=\/wp\/v2\/users\/1"}],"replies":[{"embeddable":true,"href":"https:\/\/masquenoticiastucuman.com.ar\/index.php?rest_route=%2Fwp%2Fv2%2Fcomments&post=61165"}],"version-history":[{"count":0,"href":"https:\/\/masquenoticiastucuman.com.ar\/index.php?rest_route=\/wp\/v2\/posts\/61165\/revisions"}],"wp:attachment":[{"href":"https:\/\/masquenoticiastucuman.com.ar\/index.php?rest_route=%2Fwp%2Fv2%2Fmedia&parent=61165"}],"wp:term":[{"taxonomy":"category","embeddable":true,"href":"https:\/\/masquenoticiastucuman.com.ar\/index.php?rest_route=%2Fwp%2Fv2%2Fcategories&post=61165"},{"taxonomy":"post_tag","embeddable":true,"href":"https:\/\/masquenoticiastucuman.com.ar\/index.php?rest_route=%2Fwp%2Fv2%2Ftags&post=61165"}],"curies":[{"name":"wp","href":"https:\/\/api.w.org\/{rel}","templated":true}]}}