{"id":61168,"date":"2026-04-23T13:18:04","date_gmt":"2026-04-23T16:18:04","guid":{"rendered":"http:\/\/masquenoticiastucuman.com.ar\/?p=61168"},"modified":"2026-04-23T13:18:04","modified_gmt":"2026-04-23T16:18:04","slug":"en-medio-una-nueva-ronda-de-ajuste-aumento-la-cantidad-de-pagos-atrasados-del-gobierno-y-pone-presion-al-superavit","status":"publish","type":"post","link":"https:\/\/masquenoticiastucuman.com.ar\/?p=61168","title":{"rendered":"En medio una nueva ronda de ajuste, aument\u00f3 la cantidad de pagos atrasados del Gobierno y pone presi\u00f3n al super\u00e1vit"},"content":{"rendered":"<ul>\n<li>La deuda flotante, compromisos de pago que emiti\u00f3 el Poder Ejecutivo pero no concret\u00f3, subi\u00f3 a $ 4 billones en marzo.<\/li>\n<li>Es por las demoras del Estado en el pago a proveedores y en distintas \u00e1reas presupuestarias.<\/li>\n<li>Es un n\u00famero que sigue de cerca el FMI.<\/li>\n<\/ul>\n<p>\u200bLa deuda flotante, compromisos de pago que emiti\u00f3 el Poder Ejecutivo pero no concret\u00f3, subi\u00f3 a $ 4 billones en marzo.Es por las demoras del Estado en el pago a proveedores y en distintas \u00e1reas presupuestarias.Es un n\u00famero que sigue de cerca el FMI.\u00a0<a href=\"https:\/\/www.clarin.com\/economia\/medio-nueva-ronda-ajuste-aumento-cantidad-pagos-atrasados-gobierno-pone-presion-superavit_0_5Kiwwoayue.html\" target=\"_blank\" class=\"feedzy-rss-link-icon\">Read More<\/a><\/p>","protected":false},"excerpt":{"rendered":"<p>La deuda flotante, compromisos de pago que emiti\u00f3 el Poder Ejecutivo pero no concret\u00f3, subi\u00f3&#8230;<\/p>\n","protected":false},"author":1,"featured_media":0,"comment_status":"open","ping_status":"open","sticky":false,"template":"","format":"standard","meta":{"footnotes":""},"categories":[3],"tags":[],"class_list":["post-61168","post","type-post","status-publish","format-standard","has-post-thumbnail","hentry","category-nacionales"],"_links":{"self":[{"href":"https:\/\/masquenoticiastucuman.com.ar\/index.php?rest_route=\/wp\/v2\/posts\/61168","targetHints":{"allow":["GET"]}}],"collection":[{"href":"https:\/\/masquenoticiastucuman.com.ar\/index.php?rest_route=\/wp\/v2\/posts"}],"about":[{"href":"https:\/\/masquenoticiastucuman.com.ar\/index.php?rest_route=\/wp\/v2\/types\/post"}],"author":[{"embeddable":true,"href":"https:\/\/masquenoticiastucuman.com.ar\/index.php?rest_route=\/wp\/v2\/users\/1"}],"replies":[{"embeddable":true,"href":"https:\/\/masquenoticiastucuman.com.ar\/index.php?rest_route=%2Fwp%2Fv2%2Fcomments&post=61168"}],"version-history":[{"count":0,"href":"https:\/\/masquenoticiastucuman.com.ar\/index.php?rest_route=\/wp\/v2\/posts\/61168\/revisions"}],"wp:attachment":[{"href":"https:\/\/masquenoticiastucuman.com.ar\/index.php?rest_route=%2Fwp%2Fv2%2Fmedia&parent=61168"}],"wp:term":[{"taxonomy":"category","embeddable":true,"href":"https:\/\/masquenoticiastucuman.com.ar\/index.php?rest_route=%2Fwp%2Fv2%2Fcategories&post=61168"},{"taxonomy":"post_tag","embeddable":true,"href":"https:\/\/masquenoticiastucuman.com.ar\/index.php?rest_route=%2Fwp%2Fv2%2Ftags&post=61168"}],"curies":[{"name":"wp","href":"https:\/\/api.w.org\/{rel}","templated":true}]}}