{"id":61169,"date":"2026-04-23T13:16:13","date_gmt":"2026-04-23T16:16:13","guid":{"rendered":"http:\/\/masquenoticiastucuman.com.ar\/?p=61169"},"modified":"2026-04-23T13:16:13","modified_gmt":"2026-04-23T16:16:13","slug":"estados-unidos-reclasifico-la-marihuana-medicinal-como-una-droga-de-menor-riesgo-y-facilita-el-uso-terapeutico-del-cannabis","status":"publish","type":"post","link":"https:\/\/masquenoticiastucuman.com.ar\/?p=61169","title":{"rendered":"Estados Unidos reclasific\u00f3 la marihuana medicinal como una droga de menor riesgo y facilita el uso terap\u00e9utico del cannabis"},"content":{"rendered":"<ul>\n<li>La medida del Departamento de Justicia aplica para la marihuana aprobada por la FDA y con licencia estatal.<\/li>\n<li>Estaba en el primero de los cinco niveles establecidos, junto a la hero\u00edna y el \u00e9xtasis. Ahora pas\u00f3 al tercero.<\/li>\n<li>A mitad de a\u00f1o se realizar\u00e1 una nueva audiencia para evaluar la reclasificaci\u00f3n general del cannabis.<\/li>\n<\/ul>\n<p>\u200bLa medida del Departamento de Justicia aplica para la marihuana aprobada por la FDA y con licencia estatal.Estaba en el primero de los cinco niveles establecidos, junto a la hero\u00edna y el \u00e9xtasis. Ahora pas\u00f3 al tercero.A mitad de a\u00f1o se realizar\u00e1 una nueva audiencia para evaluar la reclasificaci\u00f3n general del cannabis.\u00a0<a href=\"https:\/\/www.clarin.com\/mundo\/estados-unidos-reclasifico-marihuana-medicinal-droga-menor-riesgo-facilita-uso-terapeutico-cannabis_0_kO2pvNGEhd.html\" target=\"_blank\" class=\"feedzy-rss-link-icon\">Read More<\/a><\/p>","protected":false},"excerpt":{"rendered":"<p>La medida del Departamento de Justicia aplica para la marihuana aprobada por la FDA y&#8230;<\/p>\n","protected":false},"author":1,"featured_media":61170,"comment_status":"open","ping_status":"open","sticky":false,"template":"","format":"standard","meta":{"footnotes":""},"categories":[4],"tags":[],"class_list":["post-61169","post","type-post","status-publish","format-standard","has-post-thumbnail","hentry","category-internacionales"],"_links":{"self":[{"href":"https:\/\/masquenoticiastucuman.com.ar\/index.php?rest_route=\/wp\/v2\/posts\/61169","targetHints":{"allow":["GET"]}}],"collection":[{"href":"https:\/\/masquenoticiastucuman.com.ar\/index.php?rest_route=\/wp\/v2\/posts"}],"about":[{"href":"https:\/\/masquenoticiastucuman.com.ar\/index.php?rest_route=\/wp\/v2\/types\/post"}],"author":[{"embeddable":true,"href":"https:\/\/masquenoticiastucuman.com.ar\/index.php?rest_route=\/wp\/v2\/users\/1"}],"replies":[{"embeddable":true,"href":"https:\/\/masquenoticiastucuman.com.ar\/index.php?rest_route=%2Fwp%2Fv2%2Fcomments&post=61169"}],"version-history":[{"count":0,"href":"https:\/\/masquenoticiastucuman.com.ar\/index.php?rest_route=\/wp\/v2\/posts\/61169\/revisions"}],"wp:featuredmedia":[{"embeddable":true,"href":"https:\/\/masquenoticiastucuman.com.ar\/index.php?rest_route=\/wp\/v2\/media\/61170"}],"wp:attachment":[{"href":"https:\/\/masquenoticiastucuman.com.ar\/index.php?rest_route=%2Fwp%2Fv2%2Fmedia&parent=61169"}],"wp:term":[{"taxonomy":"category","embeddable":true,"href":"https:\/\/masquenoticiastucuman.com.ar\/index.php?rest_route=%2Fwp%2Fv2%2Fcategories&post=61169"},{"taxonomy":"post_tag","embeddable":true,"href":"https:\/\/masquenoticiastucuman.com.ar\/index.php?rest_route=%2Fwp%2Fv2%2Ftags&post=61169"}],"curies":[{"name":"wp","href":"https:\/\/api.w.org\/{rel}","templated":true}]}}