{"id":61171,"date":"2026-04-23T13:09:41","date_gmt":"2026-04-23T16:09:41","guid":{"rendered":"http:\/\/masquenoticiastucuman.com.ar\/?p=61171"},"modified":"2026-04-23T13:09:41","modified_gmt":"2026-04-23T16:09:41","slug":"otra-vez-mirtha-legrand-faltara-a-su-programa-mejora-de-su-cuadro-respiratorio-sigue-con-tos-y-los-medicos-le-aconsejaron-no-salir-de-su-casa","status":"publish","type":"post","link":"https:\/\/masquenoticiastucuman.com.ar\/?p=61171","title":{"rendered":"Otra vez Mirtha Legrand faltar\u00e1 a su programa: mejora de su cuadro respiratorio, sigue con tos y los m\u00e9dicos le aconsejaron no salir de su casa"},"content":{"rendered":"<ul>\n<li>A los 99 a\u00f1os, y por segunda semana consecutiva, la conductora no estar\u00e1 al frente de &#8220;La Noche de Mirtha&#8221;, por El Trece.<\/li>\n<li>La decisi\u00f3n se tom\u00f3 este jueves al mediod\u00eda.<\/li>\n<li>\u00bfQui\u00e9n la reemplazar\u00e1 y qui\u00e9nes estar\u00e1n en esa &#8220;mesaza&#8221;?<\/li>\n<\/ul>\n<p>\u200bA los 99 a\u00f1os, y por segunda semana consecutiva, la conductora no estar\u00e1 al frente de &#8220;La Noche de Mirtha&#8221;, por El Trece.La decisi\u00f3n se tom\u00f3 este jueves al mediod\u00eda.\u00bfQui\u00e9n la reemplazar\u00e1 y qui\u00e9nes estar\u00e1n en esa &#8220;mesaza&#8221;?\u00a0<a href=\"https:\/\/www.clarin.com\/espectaculos\/vez-mirtha-legrand-faltara-programa-mejora-cuadro-respiratorio-sigue-tos-medicos-aconsejaron-salir-casa_0_BFoyUdERz7.html\" target=\"_blank\" class=\"feedzy-rss-link-icon\">Read More<\/a><\/p>","protected":false},"excerpt":{"rendered":"<p>A los 99 a\u00f1os, y por segunda semana consecutiva, la conductora no estar\u00e1 al frente&#8230;<\/p>\n","protected":false},"author":1,"featured_media":0,"comment_status":"open","ping_status":"open","sticky":false,"template":"","format":"standard","meta":{"footnotes":""},"categories":[5],"tags":[],"class_list":["post-61171","post","type-post","status-publish","format-standard","has-post-thumbnail","hentry","category-espectaculo"],"_links":{"self":[{"href":"https:\/\/masquenoticiastucuman.com.ar\/index.php?rest_route=\/wp\/v2\/posts\/61171","targetHints":{"allow":["GET"]}}],"collection":[{"href":"https:\/\/masquenoticiastucuman.com.ar\/index.php?rest_route=\/wp\/v2\/posts"}],"about":[{"href":"https:\/\/masquenoticiastucuman.com.ar\/index.php?rest_route=\/wp\/v2\/types\/post"}],"author":[{"embeddable":true,"href":"https:\/\/masquenoticiastucuman.com.ar\/index.php?rest_route=\/wp\/v2\/users\/1"}],"replies":[{"embeddable":true,"href":"https:\/\/masquenoticiastucuman.com.ar\/index.php?rest_route=%2Fwp%2Fv2%2Fcomments&post=61171"}],"version-history":[{"count":0,"href":"https:\/\/masquenoticiastucuman.com.ar\/index.php?rest_route=\/wp\/v2\/posts\/61171\/revisions"}],"wp:attachment":[{"href":"https:\/\/masquenoticiastucuman.com.ar\/index.php?rest_route=%2Fwp%2Fv2%2Fmedia&parent=61171"}],"wp:term":[{"taxonomy":"category","embeddable":true,"href":"https:\/\/masquenoticiastucuman.com.ar\/index.php?rest_route=%2Fwp%2Fv2%2Fcategories&post=61171"},{"taxonomy":"post_tag","embeddable":true,"href":"https:\/\/masquenoticiastucuman.com.ar\/index.php?rest_route=%2Fwp%2Fv2%2Ftags&post=61171"}],"curies":[{"name":"wp","href":"https:\/\/api.w.org\/{rel}","templated":true}]}}