{"id":61172,"date":"2026-04-23T14:39:10","date_gmt":"2026-04-23T17:39:10","guid":{"rendered":"http:\/\/masquenoticiastucuman.com.ar\/?p=61172"},"modified":"2026-04-23T14:39:10","modified_gmt":"2026-04-23T17:39:10","slug":"rosario-central-suspendio-las-actividades-de-una-categoria-juvenil-tras-una-denuncia-anonima-que-involucra-a-jugadores","status":"publish","type":"post","link":"https:\/\/masquenoticiastucuman.com.ar\/?p=61172","title":{"rendered":"Rosario Central suspendi\u00f3 las actividades de una categor\u00eda juvenil tras una denuncia an\u00f3nima que involucra a jugadores"},"content":{"rendered":"<ul>\n<li>El club activ\u00f3 un protocolo y elev\u00f3 la situaci\u00f3n al defensor de ni\u00f1os, ni\u00f1as y adolescentes de Santa Fe.<\/li>\n<li>No dio detalles de la denuncia pero s\u00ed aclar\u00f3 que corresponde a chicos de la categor\u00eda 2013.<\/li>\n<li>Emiti\u00f3 un comunicado y organiz\u00f3 una reuni\u00f3n para dar m\u00e1s detalles a los padres.<\/li>\n<\/ul>\n<p>\u200bEl club activ\u00f3 un protocolo y elev\u00f3 la situaci\u00f3n al defensor de ni\u00f1os, ni\u00f1as y adolescentes de Santa Fe.No dio detalles de la denuncia pero s\u00ed aclar\u00f3 que corresponde a chicos de la categor\u00eda 2013.Emiti\u00f3 un comunicado y organiz\u00f3 una reuni\u00f3n para dar m\u00e1s detalles a los padres.\u00a0<a href=\"https:\/\/www.clarin.com\/deportes\/rosario-central-suspendio-actividades-categoria-juvenil-denuncia-anonima-involucra-jugadores_0_SEU3vsqcl2.html\" target=\"_blank\" class=\"feedzy-rss-link-icon\">Read More<\/a><\/p>","protected":false},"excerpt":{"rendered":"<p>El club activ\u00f3 un protocolo y elev\u00f3 la situaci\u00f3n al defensor de ni\u00f1os, ni\u00f1as y&#8230;<\/p>\n","protected":false},"author":1,"featured_media":0,"comment_status":"open","ping_status":"open","sticky":false,"template":"","format":"standard","meta":{"footnotes":""},"categories":[6],"tags":[],"class_list":["post-61172","post","type-post","status-publish","format-standard","has-post-thumbnail","hentry","category-deportes"],"_links":{"self":[{"href":"https:\/\/masquenoticiastucuman.com.ar\/index.php?rest_route=\/wp\/v2\/posts\/61172","targetHints":{"allow":["GET"]}}],"collection":[{"href":"https:\/\/masquenoticiastucuman.com.ar\/index.php?rest_route=\/wp\/v2\/posts"}],"about":[{"href":"https:\/\/masquenoticiastucuman.com.ar\/index.php?rest_route=\/wp\/v2\/types\/post"}],"author":[{"embeddable":true,"href":"https:\/\/masquenoticiastucuman.com.ar\/index.php?rest_route=\/wp\/v2\/users\/1"}],"replies":[{"embeddable":true,"href":"https:\/\/masquenoticiastucuman.com.ar\/index.php?rest_route=%2Fwp%2Fv2%2Fcomments&post=61172"}],"version-history":[{"count":0,"href":"https:\/\/masquenoticiastucuman.com.ar\/index.php?rest_route=\/wp\/v2\/posts\/61172\/revisions"}],"wp:attachment":[{"href":"https:\/\/masquenoticiastucuman.com.ar\/index.php?rest_route=%2Fwp%2Fv2%2Fmedia&parent=61172"}],"wp:term":[{"taxonomy":"category","embeddable":true,"href":"https:\/\/masquenoticiastucuman.com.ar\/index.php?rest_route=%2Fwp%2Fv2%2Fcategories&post=61172"},{"taxonomy":"post_tag","embeddable":true,"href":"https:\/\/masquenoticiastucuman.com.ar\/index.php?rest_route=%2Fwp%2Fv2%2Ftags&post=61172"}],"curies":[{"name":"wp","href":"https:\/\/api.w.org\/{rel}","templated":true}]}}