{"id":61173,"date":"2026-04-23T14:14:57","date_gmt":"2026-04-23T17:14:57","guid":{"rendered":"http:\/\/masquenoticiastucuman.com.ar\/?p=61173"},"modified":"2026-04-23T14:14:57","modified_gmt":"2026-04-23T17:14:57","slug":"escandalo-en-la-nfl-dan-de-baja-al-entrenador-mike-vrabel-tras-una-serie-de-fotos-con-una-periodista-y-versiones-de-infidelidad","status":"publish","type":"post","link":"https:\/\/masquenoticiastucuman.com.ar\/?p=61173","title":{"rendered":"Esc\u00e1ndalo en la NFL: dan de baja al entrenador Mike Vrabel tras una serie de fotos con una periodista y versiones de infidelidad"},"content":{"rendered":"<ul>\n<li>Fue sensaci\u00f3n de la temporada pasada con los New Englands Patriots y lleg\u00f3 al Super Bowl.<\/li>\n<li>En pleno receso se lo vio abrazando y de la mano con una cronista que cubre al equipo.<\/li>\n<li>Ambos est\u00e1n casados, ahora \u00e9l se tomar\u00e1 licencia para buscar &#8220;asesor\u00eda psicol\u00f3gica&#8221;.<\/li>\n<\/ul>\n<p>\u200bFue sensaci\u00f3n de la temporada pasada con los New Englands Patriots y lleg\u00f3 al Super Bowl.En pleno receso se lo vio abrazando y de la mano con una cronista que cubre al equipo.Ambos est\u00e1n casados, ahora \u00e9l se tomar\u00e1 licencia para buscar &#8220;asesor\u00eda psicol\u00f3gica&#8221;.\u00a0<a href=\"https:\/\/www.clarin.com\/deportes\/escandalo-nfl-dan-baja-entrenador-mike-vrabel-serie-fotos-periodista-versiones-infidelidad_0_2vi1iqnKcv.html\" target=\"_blank\" class=\"feedzy-rss-link-icon\">Read More<\/a><\/p>","protected":false},"excerpt":{"rendered":"<p>Fue sensaci\u00f3n de la temporada pasada con los New Englands Patriots y lleg\u00f3 al Super&#8230;<\/p>\n","protected":false},"author":1,"featured_media":0,"comment_status":"open","ping_status":"open","sticky":false,"template":"","format":"standard","meta":{"footnotes":""},"categories":[6],"tags":[],"class_list":["post-61173","post","type-post","status-publish","format-standard","has-post-thumbnail","hentry","category-deportes"],"_links":{"self":[{"href":"https:\/\/masquenoticiastucuman.com.ar\/index.php?rest_route=\/wp\/v2\/posts\/61173","targetHints":{"allow":["GET"]}}],"collection":[{"href":"https:\/\/masquenoticiastucuman.com.ar\/index.php?rest_route=\/wp\/v2\/posts"}],"about":[{"href":"https:\/\/masquenoticiastucuman.com.ar\/index.php?rest_route=\/wp\/v2\/types\/post"}],"author":[{"embeddable":true,"href":"https:\/\/masquenoticiastucuman.com.ar\/index.php?rest_route=\/wp\/v2\/users\/1"}],"replies":[{"embeddable":true,"href":"https:\/\/masquenoticiastucuman.com.ar\/index.php?rest_route=%2Fwp%2Fv2%2Fcomments&post=61173"}],"version-history":[{"count":0,"href":"https:\/\/masquenoticiastucuman.com.ar\/index.php?rest_route=\/wp\/v2\/posts\/61173\/revisions"}],"wp:attachment":[{"href":"https:\/\/masquenoticiastucuman.com.ar\/index.php?rest_route=%2Fwp%2Fv2%2Fmedia&parent=61173"}],"wp:term":[{"taxonomy":"category","embeddable":true,"href":"https:\/\/masquenoticiastucuman.com.ar\/index.php?rest_route=%2Fwp%2Fv2%2Fcategories&post=61173"},{"taxonomy":"post_tag","embeddable":true,"href":"https:\/\/masquenoticiastucuman.com.ar\/index.php?rest_route=%2Fwp%2Fv2%2Ftags&post=61173"}],"curies":[{"name":"wp","href":"https:\/\/api.w.org\/{rel}","templated":true}]}}