{"id":61175,"date":"2026-04-23T15:54:11","date_gmt":"2026-04-23T18:54:11","guid":{"rendered":"http:\/\/masquenoticiastucuman.com.ar\/?p=61175"},"modified":"2026-04-23T15:54:11","modified_gmt":"2026-04-23T18:54:11","slug":"afirman-que-el-precio-de-la-carne-vacuna-ya-no-sumara-presion-a-la-inflacion-general","status":"publish","type":"post","link":"https:\/\/masquenoticiastucuman.com.ar\/?p=61175","title":{"rendered":"Afirman que el precio de la carne vacuna ya no sumar\u00e1 presi\u00f3n a la inflaci\u00f3n general"},"content":{"rendered":"<ul>\n<li>En el mercado de hacienda los valores cayeron 10 por ciento en las \u00faltimas semanas. <\/li>\n<\/ul>\n<p>\u200bEn el mercado de hacienda los valores cayeron 10 por ciento en las \u00faltimas semanas.\u00a0<a href=\"https:\/\/www.clarin.com\/rural\/afirman-precio-carne-vacuna-sumara-presion-inflacion-general_0_2J10a3BUew.html\" target=\"_blank\" class=\"feedzy-rss-link-icon\">Read More<\/a><\/p>","protected":false},"excerpt":{"rendered":"<p>En el mercado de hacienda los valores cayeron 10 por ciento en las \u00faltimas semanas&#8230;.<\/p>\n","protected":false},"author":1,"featured_media":0,"comment_status":"open","ping_status":"open","sticky":false,"template":"","format":"standard","meta":{"footnotes":""},"categories":[3],"tags":[],"class_list":["post-61175","post","type-post","status-publish","format-standard","has-post-thumbnail","hentry","category-nacionales"],"_links":{"self":[{"href":"https:\/\/masquenoticiastucuman.com.ar\/index.php?rest_route=\/wp\/v2\/posts\/61175","targetHints":{"allow":["GET"]}}],"collection":[{"href":"https:\/\/masquenoticiastucuman.com.ar\/index.php?rest_route=\/wp\/v2\/posts"}],"about":[{"href":"https:\/\/masquenoticiastucuman.com.ar\/index.php?rest_route=\/wp\/v2\/types\/post"}],"author":[{"embeddable":true,"href":"https:\/\/masquenoticiastucuman.com.ar\/index.php?rest_route=\/wp\/v2\/users\/1"}],"replies":[{"embeddable":true,"href":"https:\/\/masquenoticiastucuman.com.ar\/index.php?rest_route=%2Fwp%2Fv2%2Fcomments&post=61175"}],"version-history":[{"count":0,"href":"https:\/\/masquenoticiastucuman.com.ar\/index.php?rest_route=\/wp\/v2\/posts\/61175\/revisions"}],"wp:attachment":[{"href":"https:\/\/masquenoticiastucuman.com.ar\/index.php?rest_route=%2Fwp%2Fv2%2Fmedia&parent=61175"}],"wp:term":[{"taxonomy":"category","embeddable":true,"href":"https:\/\/masquenoticiastucuman.com.ar\/index.php?rest_route=%2Fwp%2Fv2%2Fcategories&post=61175"},{"taxonomy":"post_tag","embeddable":true,"href":"https:\/\/masquenoticiastucuman.com.ar\/index.php?rest_route=%2Fwp%2Fv2%2Ftags&post=61175"}],"curies":[{"name":"wp","href":"https:\/\/api.w.org\/{rel}","templated":true}]}}