{"id":61176,"date":"2026-04-23T15:21:53","date_gmt":"2026-04-23T18:21:53","guid":{"rendered":"http:\/\/masquenoticiastucuman.com.ar\/?p=61176"},"modified":"2026-04-23T15:21:53","modified_gmt":"2026-04-23T18:21:53","slug":"iran-activo-sus-defensas-aereas-en-teheran-y-se-escucharon-varias-explosiones-informan-medios-iranies","status":"publish","type":"post","link":"https:\/\/masquenoticiastucuman.com.ar\/?p=61176","title":{"rendered":"Ir\u00e1n activ\u00f3 sus defensas a\u00e9reas en Teher\u00e1n y se escucharon varias explosiones, informan medios iran\u00edes"},"content":{"rendered":"<ul>\n<li>&#8220;Las defensas a\u00e9reas est\u00e1n activas en Teher\u00e1n&#8221;, inform\u00f3 en X el diario estatal Tehran Times, que acompa\u00f1\u00f3 el mensaje de un v\u00eddeo en el que se observaban los disparos de las defensas en el cielo de la capital.<\/li>\n<li>La agencia Mehr indic\u00f3 que los sistemas se activaron contra &#8220;objetivos hostiles&#8221;.<\/li>\n<\/ul>\n<p>\u200b&#8221;Las defensas a\u00e9reas est\u00e1n activas en Teher\u00e1n&#8221;, inform\u00f3 en X el diario estatal Tehran Times, que acompa\u00f1\u00f3 el mensaje de un v\u00eddeo en el que se observaban los disparos de las defensas en el cielo de la capital.La agencia Mehr indic\u00f3 que los sistemas se activaron contra &#8220;objetivos hostiles&#8221;.\u00a0<a href=\"https:\/\/www.clarin.com\/mundo\/iran-activo-defensas-aereas-teheran-escucharon-varias-explosiones-informan-medios-iranies_0_CjZhBEJxww.html\" target=\"_blank\" class=\"feedzy-rss-link-icon\">Read More<\/a><\/p>","protected":false},"excerpt":{"rendered":"<p>&#8220;Las defensas a\u00e9reas est\u00e1n activas en Teher\u00e1n&#8221;, inform\u00f3 en X el diario estatal Tehran Times,&#8230;<\/p>\n","protected":false},"author":1,"featured_media":61177,"comment_status":"open","ping_status":"open","sticky":false,"template":"","format":"standard","meta":{"footnotes":""},"categories":[4],"tags":[],"class_list":["post-61176","post","type-post","status-publish","format-standard","has-post-thumbnail","hentry","category-internacionales"],"_links":{"self":[{"href":"https:\/\/masquenoticiastucuman.com.ar\/index.php?rest_route=\/wp\/v2\/posts\/61176","targetHints":{"allow":["GET"]}}],"collection":[{"href":"https:\/\/masquenoticiastucuman.com.ar\/index.php?rest_route=\/wp\/v2\/posts"}],"about":[{"href":"https:\/\/masquenoticiastucuman.com.ar\/index.php?rest_route=\/wp\/v2\/types\/post"}],"author":[{"embeddable":true,"href":"https:\/\/masquenoticiastucuman.com.ar\/index.php?rest_route=\/wp\/v2\/users\/1"}],"replies":[{"embeddable":true,"href":"https:\/\/masquenoticiastucuman.com.ar\/index.php?rest_route=%2Fwp%2Fv2%2Fcomments&post=61176"}],"version-history":[{"count":0,"href":"https:\/\/masquenoticiastucuman.com.ar\/index.php?rest_route=\/wp\/v2\/posts\/61176\/revisions"}],"wp:featuredmedia":[{"embeddable":true,"href":"https:\/\/masquenoticiastucuman.com.ar\/index.php?rest_route=\/wp\/v2\/media\/61177"}],"wp:attachment":[{"href":"https:\/\/masquenoticiastucuman.com.ar\/index.php?rest_route=%2Fwp%2Fv2%2Fmedia&parent=61176"}],"wp:term":[{"taxonomy":"category","embeddable":true,"href":"https:\/\/masquenoticiastucuman.com.ar\/index.php?rest_route=%2Fwp%2Fv2%2Fcategories&post=61176"},{"taxonomy":"post_tag","embeddable":true,"href":"https:\/\/masquenoticiastucuman.com.ar\/index.php?rest_route=%2Fwp%2Fv2%2Ftags&post=61176"}],"curies":[{"name":"wp","href":"https:\/\/api.w.org\/{rel}","templated":true}]}}