{"id":61178,"date":"2026-04-23T15:00:25","date_gmt":"2026-04-23T18:00:25","guid":{"rendered":"http:\/\/masquenoticiastucuman.com.ar\/?p=61178"},"modified":"2026-04-23T15:00:25","modified_gmt":"2026-04-23T18:00:25","slug":"la-batalla-legal-por-el-salon-de-baile-que-queria-donald-trump-desnuda-la-historia-de-un-bunker-en-la-casa-blanca","status":"publish","type":"post","link":"https:\/\/masquenoticiastucuman.com.ar\/?p=61178","title":{"rendered":"La batalla legal por el sal\u00f3n de baile que quer\u00eda Donald Trump desnuda la historia de un b\u00fanker en la Casa Blanca"},"content":{"rendered":"<ul>\n<li>Un tribunal de apelaciones permiti\u00f3 seguir adelante con la construcci\u00f3n, que otro juez hab\u00eda frenado.<\/li>\n<li>La pelea por la construcci\u00f3n de ese espacio de 8.400 metros cuadrados y 400 millones de d\u00f3lares revel\u00f3 secretos del palacio presidencial.<\/li>\n<\/ul>\n<p>\u200bUn tribunal de apelaciones permiti\u00f3 seguir adelante con la construcci\u00f3n, que otro juez hab\u00eda frenado.La pelea por la construcci\u00f3n de ese espacio de 8.400 metros cuadrados y 400 millones de d\u00f3lares revel\u00f3 secretos del palacio presidencial.\u00a0<a href=\"https:\/\/www.clarin.com\/mundo\/batalla-legal-salon-baile-queria-donald-trump-desnuda-historia-bunker-casa-blanca_0_iITCZJzyen.html\" target=\"_blank\" class=\"feedzy-rss-link-icon\">Read More<\/a><\/p>","protected":false},"excerpt":{"rendered":"<p>Un tribunal de apelaciones permiti\u00f3 seguir adelante con la construcci\u00f3n, que otro juez hab\u00eda frenado&#8230;.<\/p>\n","protected":false},"author":1,"featured_media":61179,"comment_status":"open","ping_status":"open","sticky":false,"template":"","format":"standard","meta":{"footnotes":""},"categories":[4],"tags":[],"class_list":["post-61178","post","type-post","status-publish","format-standard","has-post-thumbnail","hentry","category-internacionales"],"_links":{"self":[{"href":"https:\/\/masquenoticiastucuman.com.ar\/index.php?rest_route=\/wp\/v2\/posts\/61178","targetHints":{"allow":["GET"]}}],"collection":[{"href":"https:\/\/masquenoticiastucuman.com.ar\/index.php?rest_route=\/wp\/v2\/posts"}],"about":[{"href":"https:\/\/masquenoticiastucuman.com.ar\/index.php?rest_route=\/wp\/v2\/types\/post"}],"author":[{"embeddable":true,"href":"https:\/\/masquenoticiastucuman.com.ar\/index.php?rest_route=\/wp\/v2\/users\/1"}],"replies":[{"embeddable":true,"href":"https:\/\/masquenoticiastucuman.com.ar\/index.php?rest_route=%2Fwp%2Fv2%2Fcomments&post=61178"}],"version-history":[{"count":0,"href":"https:\/\/masquenoticiastucuman.com.ar\/index.php?rest_route=\/wp\/v2\/posts\/61178\/revisions"}],"wp:featuredmedia":[{"embeddable":true,"href":"https:\/\/masquenoticiastucuman.com.ar\/index.php?rest_route=\/wp\/v2\/media\/61179"}],"wp:attachment":[{"href":"https:\/\/masquenoticiastucuman.com.ar\/index.php?rest_route=%2Fwp%2Fv2%2Fmedia&parent=61178"}],"wp:term":[{"taxonomy":"category","embeddable":true,"href":"https:\/\/masquenoticiastucuman.com.ar\/index.php?rest_route=%2Fwp%2Fv2%2Fcategories&post=61178"},{"taxonomy":"post_tag","embeddable":true,"href":"https:\/\/masquenoticiastucuman.com.ar\/index.php?rest_route=%2Fwp%2Fv2%2Ftags&post=61178"}],"curies":[{"name":"wp","href":"https:\/\/api.w.org\/{rel}","templated":true}]}}