{"id":61181,"date":"2026-04-23T15:29:32","date_gmt":"2026-04-23T18:29:32","guid":{"rendered":"http:\/\/masquenoticiastucuman.com.ar\/?p=61181"},"modified":"2026-04-23T15:29:32","modified_gmt":"2026-04-23T18:29:32","slug":"mike-tyson-vs-floyd-mayweather-habra-pelea-entre-las-dos-leyendas-del-boxeo","status":"publish","type":"post","link":"https:\/\/masquenoticiastucuman.com.ar\/?p=61181","title":{"rendered":"Mike Tyson vs Floyd Mayweather: \u00bfhabr\u00e1 pelea entre las dos leyendas del boxeo?"},"content":{"rendered":"<ul>\n<li>El duelo entre Tyson y Mayweather hab\u00eda sido anunciado para este 2026, un sue\u00f1o para los amantes del cuadril\u00e1tero. <\/li>\n<li>Versiones y opiniones cruzadas sobre el combate.<\/li>\n<\/ul>\n<p>\u200bEl duelo entre Tyson y Mayweather hab\u00eda sido anunciado para este 2026, un sue\u00f1o para los amantes del cuadril\u00e1tero. Versiones y opiniones cruzadas sobre el combate.\u00a0<a href=\"https:\/\/www.clarin.com\/deportes\/mike-tyson-vs-floyd-mayweather-pelea-leyendas-boxeo_0_aNmUF5bXXe.html\" target=\"_blank\" class=\"feedzy-rss-link-icon\">Read More<\/a><\/p>","protected":false},"excerpt":{"rendered":"<p>El duelo entre Tyson y Mayweather hab\u00eda sido anunciado para este 2026, un sue\u00f1o para&#8230;<\/p>\n","protected":false},"author":1,"featured_media":0,"comment_status":"open","ping_status":"open","sticky":false,"template":"","format":"standard","meta":{"footnotes":""},"categories":[6],"tags":[],"class_list":["post-61181","post","type-post","status-publish","format-standard","has-post-thumbnail","hentry","category-deportes"],"_links":{"self":[{"href":"https:\/\/masquenoticiastucuman.com.ar\/index.php?rest_route=\/wp\/v2\/posts\/61181","targetHints":{"allow":["GET"]}}],"collection":[{"href":"https:\/\/masquenoticiastucuman.com.ar\/index.php?rest_route=\/wp\/v2\/posts"}],"about":[{"href":"https:\/\/masquenoticiastucuman.com.ar\/index.php?rest_route=\/wp\/v2\/types\/post"}],"author":[{"embeddable":true,"href":"https:\/\/masquenoticiastucuman.com.ar\/index.php?rest_route=\/wp\/v2\/users\/1"}],"replies":[{"embeddable":true,"href":"https:\/\/masquenoticiastucuman.com.ar\/index.php?rest_route=%2Fwp%2Fv2%2Fcomments&post=61181"}],"version-history":[{"count":0,"href":"https:\/\/masquenoticiastucuman.com.ar\/index.php?rest_route=\/wp\/v2\/posts\/61181\/revisions"}],"wp:attachment":[{"href":"https:\/\/masquenoticiastucuman.com.ar\/index.php?rest_route=%2Fwp%2Fv2%2Fmedia&parent=61181"}],"wp:term":[{"taxonomy":"category","embeddable":true,"href":"https:\/\/masquenoticiastucuman.com.ar\/index.php?rest_route=%2Fwp%2Fv2%2Fcategories&post=61181"},{"taxonomy":"post_tag","embeddable":true,"href":"https:\/\/masquenoticiastucuman.com.ar\/index.php?rest_route=%2Fwp%2Fv2%2Ftags&post=61181"}],"curies":[{"name":"wp","href":"https:\/\/api.w.org\/{rel}","templated":true}]}}