{"id":61184,"date":"2026-04-23T16:32:38","date_gmt":"2026-04-23T19:32:38","guid":{"rendered":"http:\/\/masquenoticiastucuman.com.ar\/?p=61184"},"modified":"2026-04-23T16:32:38","modified_gmt":"2026-04-23T19:32:38","slug":"fin-de-la-gira-por-africa-el-papa-leon-xiv-insto-a-estados-unidos-e-iran-a-retomar-las-conversaciones-de-paz-y-condena-la-pena-de-muerte","status":"publish","type":"post","link":"https:\/\/masquenoticiastucuman.com.ar\/?p=61184","title":{"rendered":"Fin de la gira por \u00c1frica: el papa Le\u00f3n XIV inst\u00f3 a Estados Unidos e Ir\u00e1n a retomar las conversaciones de paz y condena la pena de muerte"},"content":{"rendered":"<ul>\n<li>Lo dijo en el avi\u00f3n que trajo de regreso a Roma al pont\u00edfice, tras su gira de 18.000 kil\u00f3metros por cuatro pa\u00edses africanos arrib\u00f3 al anochecer.<\/li>\n<li>Adem\u00e1s, pidi\u00f3 &#8220;una nueva cultura de paz&#8221; para reemplazar el recurso a la violencia cada vez que surgen conflictos. &#8220;<\/li>\n<\/ul>\n<p>\u200bLo dijo en el avi\u00f3n que trajo de regreso a Roma al pont\u00edfice, tras su gira de 18.000 kil\u00f3metros por cuatro pa\u00edses africanos arrib\u00f3 al anochecer.Adem\u00e1s, pidi\u00f3 &#8220;una nueva cultura de paz&#8221; para reemplazar el recurso a la violencia cada vez que surgen conflictos. &#8221;\u00a0<a href=\"https:\/\/www.clarin.com\/mundo\/fin-gira-africa-papa-leon-xiv-insto-estados-unidos-iran-retomar-conversaciones-paz-condena-pena-muerte_0_lYAcMmsvSx.html\" target=\"_blank\" class=\"feedzy-rss-link-icon\">Read More<\/a><\/p>","protected":false},"excerpt":{"rendered":"<p>Lo dijo en el avi\u00f3n que trajo de regreso a Roma al pont\u00edfice, tras su&#8230;<\/p>\n","protected":false},"author":1,"featured_media":61185,"comment_status":"open","ping_status":"open","sticky":false,"template":"","format":"standard","meta":{"footnotes":""},"categories":[4],"tags":[],"class_list":["post-61184","post","type-post","status-publish","format-standard","has-post-thumbnail","hentry","category-internacionales"],"_links":{"self":[{"href":"https:\/\/masquenoticiastucuman.com.ar\/index.php?rest_route=\/wp\/v2\/posts\/61184","targetHints":{"allow":["GET"]}}],"collection":[{"href":"https:\/\/masquenoticiastucuman.com.ar\/index.php?rest_route=\/wp\/v2\/posts"}],"about":[{"href":"https:\/\/masquenoticiastucuman.com.ar\/index.php?rest_route=\/wp\/v2\/types\/post"}],"author":[{"embeddable":true,"href":"https:\/\/masquenoticiastucuman.com.ar\/index.php?rest_route=\/wp\/v2\/users\/1"}],"replies":[{"embeddable":true,"href":"https:\/\/masquenoticiastucuman.com.ar\/index.php?rest_route=%2Fwp%2Fv2%2Fcomments&post=61184"}],"version-history":[{"count":0,"href":"https:\/\/masquenoticiastucuman.com.ar\/index.php?rest_route=\/wp\/v2\/posts\/61184\/revisions"}],"wp:featuredmedia":[{"embeddable":true,"href":"https:\/\/masquenoticiastucuman.com.ar\/index.php?rest_route=\/wp\/v2\/media\/61185"}],"wp:attachment":[{"href":"https:\/\/masquenoticiastucuman.com.ar\/index.php?rest_route=%2Fwp%2Fv2%2Fmedia&parent=61184"}],"wp:term":[{"taxonomy":"category","embeddable":true,"href":"https:\/\/masquenoticiastucuman.com.ar\/index.php?rest_route=%2Fwp%2Fv2%2Fcategories&post=61184"},{"taxonomy":"post_tag","embeddable":true,"href":"https:\/\/masquenoticiastucuman.com.ar\/index.php?rest_route=%2Fwp%2Fv2%2Ftags&post=61184"}],"curies":[{"name":"wp","href":"https:\/\/api.w.org\/{rel}","templated":true}]}}