{"id":61188,"date":"2026-04-23T17:34:57","date_gmt":"2026-04-23T20:34:57","guid":{"rendered":"http:\/\/masquenoticiastucuman.com.ar\/?p=61188"},"modified":"2026-04-23T17:34:57","modified_gmt":"2026-04-23T20:34:57","slug":"uno-de-los-jugadores-separados-del-plantel-en-estudiantes-de-rio-cuarto-cargo-contra-la-dirigencia-no-teniamos-comunicacion-con-nadie","status":"publish","type":"post","link":"https:\/\/masquenoticiastucuman.com.ar\/?p=61188","title":{"rendered":"Uno de los jugadores separados del plantel en Estudiantes de R\u00edo Cuarto carg\u00f3 contra la dirigencia: &#8220;No ten\u00edamos comunicaci\u00f3n con nadie&#8221;"},"content":{"rendered":"<ul>\n<li>Tob\u00edas Ostchega se entrena apartado de la Primera Divisi\u00f3n del Le\u00f3n del Imperio.<\/li>\n<li>Manifest\u00f3 su disconformidad con lo sucedido ante la \u201csituaci\u00f3n inc\u00f3moda\u201d que les toca vivir.<\/li>\n<li>El equipo cordob\u00e9s recibir\u00e1 el viernes a Rosario Central.<\/li>\n<\/ul>\n<p>\u200bTob\u00edas Ostchega se entrena apartado de la Primera Divisi\u00f3n del Le\u00f3n del Imperio.Manifest\u00f3 su disconformidad con lo sucedido ante la \u201csituaci\u00f3n inc\u00f3moda\u201d que les toca vivir.El equipo cordob\u00e9s recibir\u00e1 el viernes a Rosario Central.\u00a0<a href=\"https:\/\/www.clarin.com\/deportes\/jugadores-separados-plantel-estudiantes-rio-cuarto-cargo-dirigencia-comunicacion-nadie_0_hY2p9VnYbw.html\" target=\"_blank\" class=\"feedzy-rss-link-icon\">Read More<\/a><\/p>","protected":false},"excerpt":{"rendered":"<p>Tob\u00edas Ostchega se entrena apartado de la Primera Divisi\u00f3n del Le\u00f3n del Imperio. Manifest\u00f3 su&#8230;<\/p>\n","protected":false},"author":1,"featured_media":0,"comment_status":"open","ping_status":"open","sticky":false,"template":"","format":"standard","meta":{"footnotes":""},"categories":[6],"tags":[],"class_list":["post-61188","post","type-post","status-publish","format-standard","has-post-thumbnail","hentry","category-deportes"],"_links":{"self":[{"href":"https:\/\/masquenoticiastucuman.com.ar\/index.php?rest_route=\/wp\/v2\/posts\/61188","targetHints":{"allow":["GET"]}}],"collection":[{"href":"https:\/\/masquenoticiastucuman.com.ar\/index.php?rest_route=\/wp\/v2\/posts"}],"about":[{"href":"https:\/\/masquenoticiastucuman.com.ar\/index.php?rest_route=\/wp\/v2\/types\/post"}],"author":[{"embeddable":true,"href":"https:\/\/masquenoticiastucuman.com.ar\/index.php?rest_route=\/wp\/v2\/users\/1"}],"replies":[{"embeddable":true,"href":"https:\/\/masquenoticiastucuman.com.ar\/index.php?rest_route=%2Fwp%2Fv2%2Fcomments&post=61188"}],"version-history":[{"count":0,"href":"https:\/\/masquenoticiastucuman.com.ar\/index.php?rest_route=\/wp\/v2\/posts\/61188\/revisions"}],"wp:attachment":[{"href":"https:\/\/masquenoticiastucuman.com.ar\/index.php?rest_route=%2Fwp%2Fv2%2Fmedia&parent=61188"}],"wp:term":[{"taxonomy":"category","embeddable":true,"href":"https:\/\/masquenoticiastucuman.com.ar\/index.php?rest_route=%2Fwp%2Fv2%2Fcategories&post=61188"},{"taxonomy":"post_tag","embeddable":true,"href":"https:\/\/masquenoticiastucuman.com.ar\/index.php?rest_route=%2Fwp%2Fv2%2Ftags&post=61188"}],"curies":[{"name":"wp","href":"https:\/\/api.w.org\/{rel}","templated":true}]}}