{"id":61189,"date":"2026-04-23T17:00:00","date_gmt":"2026-04-23T20:00:00","guid":{"rendered":"http:\/\/masquenoticiastucuman.com.ar\/?p=61189"},"modified":"2026-04-23T17:00:00","modified_gmt":"2026-04-23T20:00:00","slug":"basura-electronica-como-las-marcas-sabotean-tus-dispositivos-y-te-hacen-gastar-de-mas","status":"publish","type":"post","link":"https:\/\/masquenoticiastucuman.com.ar\/?p=61189","title":{"rendered":"Basura electr\u00f3nica: c\u00f3mo las marcas sabotean tus dispositivos y te hacen gastar de m\u00e1s"},"content":{"rendered":"<p>Cada a\u00f1o toneladas de aparatos desechados terminan en basurales argentinos, impulsando la contaminaci\u00f3n por desechos tecnol\u00f3gicos t\u00f3xicos<\/p>\n<p>                                                                <!-- Begin comScore Tag --><\/p>\n<p>                                    <img decoding=\"async\" src=\"https:\/\/sb.scorecardresearch.com\/p?c1=2&amp;c2=16597048&amp;cv=3.6.0&amp;cj=1\" \/><\/p>\n<p>                                <!-- End comScore Tag --><\/p>\n<p>                            \u200bCada a\u00f1o toneladas de aparatos desechados terminan en basurales argentinos, impulsando la contaminaci\u00f3n por desechos tecnol\u00f3gicos t\u00f3xicos\u00a0<a href=\"https:\/\/www.iprofesional.com\/tecnologia\/453160-basura-electronica-como-las-marcas-sabotean-tus-dispositivos-y-te-hacen-gastar-de-mas\" target=\"_blank\" class=\"feedzy-rss-link-icon\">Read More<\/a><\/p>","protected":false},"excerpt":{"rendered":"<p>Cada a\u00f1o toneladas de aparatos desechados terminan en basurales argentinos, impulsando la contaminaci\u00f3n por desechos&#8230;<\/p>\n","protected":false},"author":1,"featured_media":0,"comment_status":"open","ping_status":"open","sticky":false,"template":"","format":"standard","meta":{"footnotes":""},"categories":[8],"tags":[],"class_list":["post-61189","post","type-post","status-publish","format-standard","has-post-thumbnail","hentry","category-tecnologia"],"_links":{"self":[{"href":"https:\/\/masquenoticiastucuman.com.ar\/index.php?rest_route=\/wp\/v2\/posts\/61189","targetHints":{"allow":["GET"]}}],"collection":[{"href":"https:\/\/masquenoticiastucuman.com.ar\/index.php?rest_route=\/wp\/v2\/posts"}],"about":[{"href":"https:\/\/masquenoticiastucuman.com.ar\/index.php?rest_route=\/wp\/v2\/types\/post"}],"author":[{"embeddable":true,"href":"https:\/\/masquenoticiastucuman.com.ar\/index.php?rest_route=\/wp\/v2\/users\/1"}],"replies":[{"embeddable":true,"href":"https:\/\/masquenoticiastucuman.com.ar\/index.php?rest_route=%2Fwp%2Fv2%2Fcomments&post=61189"}],"version-history":[{"count":0,"href":"https:\/\/masquenoticiastucuman.com.ar\/index.php?rest_route=\/wp\/v2\/posts\/61189\/revisions"}],"wp:attachment":[{"href":"https:\/\/masquenoticiastucuman.com.ar\/index.php?rest_route=%2Fwp%2Fv2%2Fmedia&parent=61189"}],"wp:term":[{"taxonomy":"category","embeddable":true,"href":"https:\/\/masquenoticiastucuman.com.ar\/index.php?rest_route=%2Fwp%2Fv2%2Fcategories&post=61189"},{"taxonomy":"post_tag","embeddable":true,"href":"https:\/\/masquenoticiastucuman.com.ar\/index.php?rest_route=%2Fwp%2Fv2%2Ftags&post=61189"}],"curies":[{"name":"wp","href":"https:\/\/api.w.org\/{rel}","templated":true}]}}