{"id":61192,"date":"2026-04-23T20:13:36","date_gmt":"2026-04-23T23:13:36","guid":{"rendered":"http:\/\/masquenoticiastucuman.com.ar\/?p=61192"},"modified":"2026-04-23T20:13:36","modified_gmt":"2026-04-23T23:13:36","slug":"otra-lesion-de-ander-herrera-en-boca-sintio-una-molestia-en-la-entrada-en-calor-y-preocupa-su-futuro-inmediato","status":"publish","type":"post","link":"https:\/\/masquenoticiastucuman.com.ar\/?p=61192","title":{"rendered":"Otra lesi\u00f3n de Ander Herrera en Boca: sinti\u00f3 una molestia en la entrada en calor y preocupa su futuro inmediato"},"content":{"rendered":"<ul>\n<li>El volante sinti\u00f3 una molestia muscular antes del partido ante Defensa y no pudo jugar.<\/li>\n<li>Es la quinta lesi\u00f3n que sufre desde su llegada al club y vuelve a frenar su continuidad.<\/li>\n<li>Boca espera los estudios m\u00e9dicos para conocer la gravedad y los tiempos de recuperaci\u00f3n.<\/li>\n<\/ul>\n<p>\u200bEl volante sinti\u00f3 una molestia muscular antes del partido ante Defensa y no pudo jugar.Es la quinta lesi\u00f3n que sufre desde su llegada al club y vuelve a frenar su continuidad.Boca espera los estudios m\u00e9dicos para conocer la gravedad y los tiempos de recuperaci\u00f3n.\u00a0<a href=\"https:\/\/www.clarin.com\/deportes\/lesion-ander-herrera-boca-sintio-molestia-entrada-calor-preocupa-futuro-inmediato_0_4sJYpVzjcK.html\" target=\"_blank\" class=\"feedzy-rss-link-icon\">Read More<\/a><\/p>","protected":false},"excerpt":{"rendered":"<p>El volante sinti\u00f3 una molestia muscular antes del partido ante Defensa y no pudo jugar&#8230;.<\/p>\n","protected":false},"author":1,"featured_media":0,"comment_status":"open","ping_status":"open","sticky":false,"template":"","format":"standard","meta":{"footnotes":""},"categories":[6],"tags":[],"class_list":["post-61192","post","type-post","status-publish","format-standard","has-post-thumbnail","hentry","category-deportes"],"_links":{"self":[{"href":"https:\/\/masquenoticiastucuman.com.ar\/index.php?rest_route=\/wp\/v2\/posts\/61192","targetHints":{"allow":["GET"]}}],"collection":[{"href":"https:\/\/masquenoticiastucuman.com.ar\/index.php?rest_route=\/wp\/v2\/posts"}],"about":[{"href":"https:\/\/masquenoticiastucuman.com.ar\/index.php?rest_route=\/wp\/v2\/types\/post"}],"author":[{"embeddable":true,"href":"https:\/\/masquenoticiastucuman.com.ar\/index.php?rest_route=\/wp\/v2\/users\/1"}],"replies":[{"embeddable":true,"href":"https:\/\/masquenoticiastucuman.com.ar\/index.php?rest_route=%2Fwp%2Fv2%2Fcomments&post=61192"}],"version-history":[{"count":0,"href":"https:\/\/masquenoticiastucuman.com.ar\/index.php?rest_route=\/wp\/v2\/posts\/61192\/revisions"}],"wp:attachment":[{"href":"https:\/\/masquenoticiastucuman.com.ar\/index.php?rest_route=%2Fwp%2Fv2%2Fmedia&parent=61192"}],"wp:term":[{"taxonomy":"category","embeddable":true,"href":"https:\/\/masquenoticiastucuman.com.ar\/index.php?rest_route=%2Fwp%2Fv2%2Fcategories&post=61192"},{"taxonomy":"post_tag","embeddable":true,"href":"https:\/\/masquenoticiastucuman.com.ar\/index.php?rest_route=%2Fwp%2Fv2%2Ftags&post=61192"}],"curies":[{"name":"wp","href":"https:\/\/api.w.org\/{rel}","templated":true}]}}