{"id":61193,"date":"2026-04-23T19:09:07","date_gmt":"2026-04-23T22:09:07","guid":{"rendered":"http:\/\/masquenoticiastucuman.com.ar\/?p=61193"},"modified":"2026-04-23T19:09:07","modified_gmt":"2026-04-23T22:09:07","slug":"la-increible-transformacion-del-santiago-bernabeu-nadal-sinner-y-swiatek-inauguraron-una-cancha-de-tenis-en-el-estadio-del-real-madrid","status":"publish","type":"post","link":"https:\/\/masquenoticiastucuman.com.ar\/?p=61193","title":{"rendered":"La incre\u00edble transformaci\u00f3n del Santiago Bernab\u00e9u: Nadal, Sinner y Swiatek inauguraron una cancha de tenis en el estadio del Real Madrid"},"content":{"rendered":"<ul>\n<li>La cancha se utilizar\u00e1 para los entrenamientos hasta que termine el Madrid Open.<\/li>\n<li>El ex N\u00b01 del mundo, el actual l\u00edder del ranking ATP y la ganadora de seis t\u00edtulos de Grand Slam, protagonizaron una divertida jornada junto a los futbolistas.<\/li>\n<li>Florentino P\u00e9rez fue el umpire.<\/li>\n<\/ul>\n<p>\u200bLa cancha se utilizar\u00e1 para los entrenamientos hasta que termine el Madrid Open.El ex N\u00b01 del mundo, el actual l\u00edder del ranking ATP y la ganadora de seis t\u00edtulos de Grand Slam, protagonizaron una divertida jornada junto a los futbolistas.Florentino P\u00e9rez fue el umpire.\u00a0<a href=\"https:\/\/www.clarin.com\/deportes\/increible-transformacion-santiago-bernabeu-nadal-sinner-swiatek-inauguraron-cancha-tenis-estadio-real-madrid_0_fJMrJoO0VN.html\" target=\"_blank\" class=\"feedzy-rss-link-icon\">Read More<\/a><\/p>","protected":false},"excerpt":{"rendered":"<p>La cancha se utilizar\u00e1 para los entrenamientos hasta que termine el Madrid Open. El ex&#8230;<\/p>\n","protected":false},"author":1,"featured_media":0,"comment_status":"open","ping_status":"open","sticky":false,"template":"","format":"standard","meta":{"footnotes":""},"categories":[6],"tags":[],"class_list":["post-61193","post","type-post","status-publish","format-standard","has-post-thumbnail","hentry","category-deportes"],"_links":{"self":[{"href":"https:\/\/masquenoticiastucuman.com.ar\/index.php?rest_route=\/wp\/v2\/posts\/61193","targetHints":{"allow":["GET"]}}],"collection":[{"href":"https:\/\/masquenoticiastucuman.com.ar\/index.php?rest_route=\/wp\/v2\/posts"}],"about":[{"href":"https:\/\/masquenoticiastucuman.com.ar\/index.php?rest_route=\/wp\/v2\/types\/post"}],"author":[{"embeddable":true,"href":"https:\/\/masquenoticiastucuman.com.ar\/index.php?rest_route=\/wp\/v2\/users\/1"}],"replies":[{"embeddable":true,"href":"https:\/\/masquenoticiastucuman.com.ar\/index.php?rest_route=%2Fwp%2Fv2%2Fcomments&post=61193"}],"version-history":[{"count":0,"href":"https:\/\/masquenoticiastucuman.com.ar\/index.php?rest_route=\/wp\/v2\/posts\/61193\/revisions"}],"wp:attachment":[{"href":"https:\/\/masquenoticiastucuman.com.ar\/index.php?rest_route=%2Fwp%2Fv2%2Fmedia&parent=61193"}],"wp:term":[{"taxonomy":"category","embeddable":true,"href":"https:\/\/masquenoticiastucuman.com.ar\/index.php?rest_route=%2Fwp%2Fv2%2Fcategories&post=61193"},{"taxonomy":"post_tag","embeddable":true,"href":"https:\/\/masquenoticiastucuman.com.ar\/index.php?rest_route=%2Fwp%2Fv2%2Ftags&post=61193"}],"curies":[{"name":"wp","href":"https:\/\/api.w.org\/{rel}","templated":true}]}}