{"id":61194,"date":"2026-04-23T21:09:52","date_gmt":"2026-04-24T00:09:52","guid":{"rendered":"http:\/\/masquenoticiastucuman.com.ar\/?p=61194"},"modified":"2026-04-23T21:09:52","modified_gmt":"2026-04-24T00:09:52","slug":"hacia-cuanto-la-argentina-no-eludia-una-crisis-global","status":"publish","type":"post","link":"https:\/\/masquenoticiastucuman.com.ar\/?p=61194","title":{"rendered":"\u00bfHac\u00eda cu\u00e1nto la Argentina no elud\u00eda una crisis global?"},"content":{"rendered":"<ul>\n<li>Este jueves los mercados internacionales volvieron a caer. Pero el Banco Central compr\u00f3 casi US$ 200 millones m\u00e1s y Chubut coloc\u00f3 deuda.<\/li>\n<li>En los 90 y en los 2000 si el mundo estornudaba el pa\u00eds se resfriaba, \u00bfse est\u00e1 mejor hoy?<\/li>\n<li>La liquidez en la calle toc\u00f3 esta semana el valor m\u00ednimo en el a\u00f1o.<\/li>\n<\/ul>\n<p>\u200bEste jueves los mercados internacionales volvieron a caer. Pero el Banco Central compr\u00f3 casi US$ 200 millones m\u00e1s y Chubut coloc\u00f3 deuda.En los 90 y en los 2000 si el mundo estornudaba el pa\u00eds se resfriaba, \u00bfse est\u00e1 mejor hoy?La liquidez en la calle toc\u00f3 esta semana el valor m\u00ednimo en el a\u00f1o.\u00a0<a href=\"https:\/\/www.clarin.com\/economia\/argentina-eludia-crisis-global_0_plyXacgLCS.html\" target=\"_blank\" class=\"feedzy-rss-link-icon\">Read More<\/a><\/p>","protected":false},"excerpt":{"rendered":"<p>Este jueves los mercados internacionales volvieron a caer. Pero el Banco Central compr\u00f3 casi US$&#8230;<\/p>\n","protected":false},"author":1,"featured_media":0,"comment_status":"open","ping_status":"open","sticky":false,"template":"","format":"standard","meta":{"footnotes":""},"categories":[3],"tags":[],"class_list":["post-61194","post","type-post","status-publish","format-standard","has-post-thumbnail","hentry","category-nacionales"],"_links":{"self":[{"href":"https:\/\/masquenoticiastucuman.com.ar\/index.php?rest_route=\/wp\/v2\/posts\/61194","targetHints":{"allow":["GET"]}}],"collection":[{"href":"https:\/\/masquenoticiastucuman.com.ar\/index.php?rest_route=\/wp\/v2\/posts"}],"about":[{"href":"https:\/\/masquenoticiastucuman.com.ar\/index.php?rest_route=\/wp\/v2\/types\/post"}],"author":[{"embeddable":true,"href":"https:\/\/masquenoticiastucuman.com.ar\/index.php?rest_route=\/wp\/v2\/users\/1"}],"replies":[{"embeddable":true,"href":"https:\/\/masquenoticiastucuman.com.ar\/index.php?rest_route=%2Fwp%2Fv2%2Fcomments&post=61194"}],"version-history":[{"count":0,"href":"https:\/\/masquenoticiastucuman.com.ar\/index.php?rest_route=\/wp\/v2\/posts\/61194\/revisions"}],"wp:attachment":[{"href":"https:\/\/masquenoticiastucuman.com.ar\/index.php?rest_route=%2Fwp%2Fv2%2Fmedia&parent=61194"}],"wp:term":[{"taxonomy":"category","embeddable":true,"href":"https:\/\/masquenoticiastucuman.com.ar\/index.php?rest_route=%2Fwp%2Fv2%2Fcategories&post=61194"},{"taxonomy":"post_tag","embeddable":true,"href":"https:\/\/masquenoticiastucuman.com.ar\/index.php?rest_route=%2Fwp%2Fv2%2Ftags&post=61194"}],"curies":[{"name":"wp","href":"https:\/\/api.w.org\/{rel}","templated":true}]}}