{"id":61196,"date":"2026-04-23T18:40:26","date_gmt":"2026-04-23T21:40:26","guid":{"rendered":"http:\/\/masquenoticiastucuman.com.ar\/?p=61196"},"modified":"2026-04-23T18:40:26","modified_gmt":"2026-04-23T21:40:26","slug":"peru-la-compra-de-aviones-de-combate-a-estados-unidos-desata-otra-crisis-politica","status":"publish","type":"post","link":"https:\/\/masquenoticiastucuman.com.ar\/?p=61196","title":{"rendered":"Per\u00fa: la compra de aviones de combate a Estados Unidos desata otra crisis pol\u00edtica"},"content":{"rendered":"<ul>\n<li>Son 24 aviones de combate F-16. El presidente dijo que la postergar\u00eda. Pero el premier y las FF.AA. la confirmaron. <\/li>\n<li>Movidas de destituci\u00f3n en medio de las elecciones, con una segunda vuelta casi definida entre Keiko Fujimori y Roberto S\u00e1nchez.<\/li>\n<\/ul>\n<p>\u200bSon 24 aviones de combate F-16. El presidente dijo que la postergar\u00eda. Pero el premier y las FF.AA. la confirmaron. Movidas de destituci\u00f3n en medio de las elecciones, con una segunda vuelta casi definida entre Keiko Fujimori y Roberto S\u00e1nchez.\u00a0<a href=\"https:\/\/www.clarin.com\/mundo\/peru-compra-aviones-combate-estados-unidos-desata-crisis-politica_0_EX2YqqkzH2.html\" target=\"_blank\" class=\"feedzy-rss-link-icon\">Read More<\/a><\/p>","protected":false},"excerpt":{"rendered":"<p>Son 24 aviones de combate F-16. El presidente dijo que la postergar\u00eda. Pero el premier&#8230;<\/p>\n","protected":false},"author":1,"featured_media":61197,"comment_status":"open","ping_status":"open","sticky":false,"template":"","format":"standard","meta":{"footnotes":""},"categories":[4],"tags":[],"class_list":["post-61196","post","type-post","status-publish","format-standard","has-post-thumbnail","hentry","category-internacionales"],"_links":{"self":[{"href":"https:\/\/masquenoticiastucuman.com.ar\/index.php?rest_route=\/wp\/v2\/posts\/61196","targetHints":{"allow":["GET"]}}],"collection":[{"href":"https:\/\/masquenoticiastucuman.com.ar\/index.php?rest_route=\/wp\/v2\/posts"}],"about":[{"href":"https:\/\/masquenoticiastucuman.com.ar\/index.php?rest_route=\/wp\/v2\/types\/post"}],"author":[{"embeddable":true,"href":"https:\/\/masquenoticiastucuman.com.ar\/index.php?rest_route=\/wp\/v2\/users\/1"}],"replies":[{"embeddable":true,"href":"https:\/\/masquenoticiastucuman.com.ar\/index.php?rest_route=%2Fwp%2Fv2%2Fcomments&post=61196"}],"version-history":[{"count":0,"href":"https:\/\/masquenoticiastucuman.com.ar\/index.php?rest_route=\/wp\/v2\/posts\/61196\/revisions"}],"wp:featuredmedia":[{"embeddable":true,"href":"https:\/\/masquenoticiastucuman.com.ar\/index.php?rest_route=\/wp\/v2\/media\/61197"}],"wp:attachment":[{"href":"https:\/\/masquenoticiastucuman.com.ar\/index.php?rest_route=%2Fwp%2Fv2%2Fmedia&parent=61196"}],"wp:term":[{"taxonomy":"category","embeddable":true,"href":"https:\/\/masquenoticiastucuman.com.ar\/index.php?rest_route=%2Fwp%2Fv2%2Fcategories&post=61196"},{"taxonomy":"post_tag","embeddable":true,"href":"https:\/\/masquenoticiastucuman.com.ar\/index.php?rest_route=%2Fwp%2Fv2%2Ftags&post=61196"}],"curies":[{"name":"wp","href":"https:\/\/api.w.org\/{rel}","templated":true}]}}