{"id":61199,"date":"2026-04-23T23:03:48","date_gmt":"2026-04-24T02:03:48","guid":{"rendered":"http:\/\/masquenoticiastucuman.com.ar\/?p=61199"},"modified":"2026-04-23T23:03:48","modified_gmt":"2026-04-24T02:03:48","slug":"revelan-que-paso-con-el-avion-militar-que-se-estrello-en-colombia-el-dato-clave-del-informe-que-desactivo-la-polemica","status":"publish","type":"post","link":"https:\/\/masquenoticiastucuman.com.ar\/?p=61199","title":{"rendered":"Revelan qu\u00e9 pas\u00f3 con el avi\u00f3n militar que se estrell\u00f3 en Colombia: el dato clave del informe que desactiv\u00f3 la pol\u00e9mica"},"content":{"rendered":"<ul>\n<li>La Fuerza Aeroespacial difundi\u00f3 los primeros resultados de la investigaci\u00f3n sobre el accidente que dej\u00f3 69 muertos ocurrido el 23 de marzo pasado.<\/li>\n<li>Entre los puntos principales del reporte se indica que la aeronave &#8220;se encontraba perfectamente&#8221;.<\/li>\n<\/ul>\n<p>\u200bLa Fuerza Aeroespacial difundi\u00f3 los primeros resultados de la investigaci\u00f3n sobre el accidente que dej\u00f3 69 muertos ocurrido el 23 de marzo pasado.Entre los puntos principales del reporte se indica que la aeronave &#8220;se encontraba perfectamente&#8221;.\u00a0<a href=\"https:\/\/www.clarin.com\/mundo\/revelan-paso-avion-militar-estrello-colombia-dato-clave-informe-desactivo-polemica_0_UQkPkHttyG.html\" target=\"_blank\" class=\"feedzy-rss-link-icon\">Read More<\/a><\/p>","protected":false},"excerpt":{"rendered":"<p>La Fuerza Aeroespacial difundi\u00f3 los primeros resultados de la investigaci\u00f3n sobre el accidente que dej\u00f3&#8230;<\/p>\n","protected":false},"author":1,"featured_media":61200,"comment_status":"open","ping_status":"open","sticky":false,"template":"","format":"standard","meta":{"footnotes":""},"categories":[4],"tags":[],"class_list":["post-61199","post","type-post","status-publish","format-standard","has-post-thumbnail","hentry","category-internacionales"],"_links":{"self":[{"href":"https:\/\/masquenoticiastucuman.com.ar\/index.php?rest_route=\/wp\/v2\/posts\/61199","targetHints":{"allow":["GET"]}}],"collection":[{"href":"https:\/\/masquenoticiastucuman.com.ar\/index.php?rest_route=\/wp\/v2\/posts"}],"about":[{"href":"https:\/\/masquenoticiastucuman.com.ar\/index.php?rest_route=\/wp\/v2\/types\/post"}],"author":[{"embeddable":true,"href":"https:\/\/masquenoticiastucuman.com.ar\/index.php?rest_route=\/wp\/v2\/users\/1"}],"replies":[{"embeddable":true,"href":"https:\/\/masquenoticiastucuman.com.ar\/index.php?rest_route=%2Fwp%2Fv2%2Fcomments&post=61199"}],"version-history":[{"count":0,"href":"https:\/\/masquenoticiastucuman.com.ar\/index.php?rest_route=\/wp\/v2\/posts\/61199\/revisions"}],"wp:featuredmedia":[{"embeddable":true,"href":"https:\/\/masquenoticiastucuman.com.ar\/index.php?rest_route=\/wp\/v2\/media\/61200"}],"wp:attachment":[{"href":"https:\/\/masquenoticiastucuman.com.ar\/index.php?rest_route=%2Fwp%2Fv2%2Fmedia&parent=61199"}],"wp:term":[{"taxonomy":"category","embeddable":true,"href":"https:\/\/masquenoticiastucuman.com.ar\/index.php?rest_route=%2Fwp%2Fv2%2Fcategories&post=61199"},{"taxonomy":"post_tag","embeddable":true,"href":"https:\/\/masquenoticiastucuman.com.ar\/index.php?rest_route=%2Fwp%2Fv2%2Ftags&post=61199"}],"curies":[{"name":"wp","href":"https:\/\/api.w.org\/{rel}","templated":true}]}}