{"id":61201,"date":"2026-04-23T22:03:32","date_gmt":"2026-04-24T01:03:32","guid":{"rendered":"http:\/\/masquenoticiastucuman.com.ar\/?p=61201"},"modified":"2026-04-23T22:03:32","modified_gmt":"2026-04-24T01:03:32","slug":"pregunta-estupida-el-enojo-de-trump-con-una-periodista-cuando-le-preguntaron-si-usaria-armas-nucleares-contra-iran","status":"publish","type":"post","link":"https:\/\/masquenoticiastucuman.com.ar\/?p=61201","title":{"rendered":"&#8220;\u00a1Pregunta est\u00fapida!&#8221;: el enojo de Trump con una periodista cuando le preguntaron si usar\u00eda armas nucleares contra Ir\u00e1n"},"content":{"rendered":"<ul>\n<li>El presidente de Estados Unidos estall\u00f3 de furia en plena ronda de preguntas en la Casa Blanca. <\/li>\n<li>&#8220;Nunca se le deber\u00eda permitir que nadie utilizara un arma nuclear&#8221;, fue su categ\u00f3rica respuesta.<\/li>\n<\/ul>\n<p>\u200bEl presidente de Estados Unidos estall\u00f3 de furia en plena ronda de preguntas en la Casa Blanca. &#8220;Nunca se le deber\u00eda permitir que nadie utilizara un arma nuclear&#8221;, fue su categ\u00f3rica respuesta.\u00a0<a href=\"https:\/\/www.clarin.com\/mundo\/pregunta-estupida-enojo-trump-periodista-preguntaron-usaria-armas-nucleares-iran_0_RlSyZmkwDl.html\" target=\"_blank\" class=\"feedzy-rss-link-icon\">Read More<\/a><\/p>","protected":false},"excerpt":{"rendered":"<p>El presidente de Estados Unidos estall\u00f3 de furia en plena ronda de preguntas en la&#8230;<\/p>\n","protected":false},"author":1,"featured_media":61202,"comment_status":"open","ping_status":"open","sticky":false,"template":"","format":"standard","meta":{"footnotes":""},"categories":[4],"tags":[],"class_list":["post-61201","post","type-post","status-publish","format-standard","has-post-thumbnail","hentry","category-internacionales"],"_links":{"self":[{"href":"https:\/\/masquenoticiastucuman.com.ar\/index.php?rest_route=\/wp\/v2\/posts\/61201","targetHints":{"allow":["GET"]}}],"collection":[{"href":"https:\/\/masquenoticiastucuman.com.ar\/index.php?rest_route=\/wp\/v2\/posts"}],"about":[{"href":"https:\/\/masquenoticiastucuman.com.ar\/index.php?rest_route=\/wp\/v2\/types\/post"}],"author":[{"embeddable":true,"href":"https:\/\/masquenoticiastucuman.com.ar\/index.php?rest_route=\/wp\/v2\/users\/1"}],"replies":[{"embeddable":true,"href":"https:\/\/masquenoticiastucuman.com.ar\/index.php?rest_route=%2Fwp%2Fv2%2Fcomments&post=61201"}],"version-history":[{"count":0,"href":"https:\/\/masquenoticiastucuman.com.ar\/index.php?rest_route=\/wp\/v2\/posts\/61201\/revisions"}],"wp:featuredmedia":[{"embeddable":true,"href":"https:\/\/masquenoticiastucuman.com.ar\/index.php?rest_route=\/wp\/v2\/media\/61202"}],"wp:attachment":[{"href":"https:\/\/masquenoticiastucuman.com.ar\/index.php?rest_route=%2Fwp%2Fv2%2Fmedia&parent=61201"}],"wp:term":[{"taxonomy":"category","embeddable":true,"href":"https:\/\/masquenoticiastucuman.com.ar\/index.php?rest_route=%2Fwp%2Fv2%2Fcategories&post=61201"},{"taxonomy":"post_tag","embeddable":true,"href":"https:\/\/masquenoticiastucuman.com.ar\/index.php?rest_route=%2Fwp%2Fv2%2Ftags&post=61201"}],"curies":[{"name":"wp","href":"https:\/\/api.w.org\/{rel}","templated":true}]}}