{"id":61203,"date":"2026-04-23T23:02:29","date_gmt":"2026-04-24T02:02:29","guid":{"rendered":"http:\/\/masquenoticiastucuman.com.ar\/?p=61203"},"modified":"2026-04-23T23:02:29","modified_gmt":"2026-04-24T02:02:29","slug":"el-var-volvio-a-jugar-para-boca-un-offside-milimetrico-y-un-polemico-trazado-de-lineas-que-anulo-el-1-0-de-defensa-y-justicia","status":"publish","type":"post","link":"https:\/\/masquenoticiastucuman.com.ar\/?p=61203","title":{"rendered":"El VAR volvi\u00f3 a jugar para Boca: un offside milim\u00e9trico y un pol\u00e9mico trazado de l\u00edneas que anul\u00f3 el 1-0 de Defensa y Justicia"},"content":{"rendered":"<ul>\n<li>Juan Guti\u00e9rrez hab\u00eda puesto el 1-0 para el Halc\u00f3n a los cinco minutos, pero el VAR intervino y lo invalid\u00f3 por offside milim\u00e9trico.<\/li>\n<li>En Defensa protestaron con fuerza y cuestionaron la posici\u00f3n del delantero en la jugada.<\/li>\n<li>Las l\u00edneas mostradas en la transmisi\u00f3n oficial tambi\u00e9n sembraron dudas y encendieron la discusi\u00f3n.<\/li>\n<\/ul>\n<p>\u200bJuan Guti\u00e9rrez hab\u00eda puesto el 1-0 para el Halc\u00f3n a los cinco minutos, pero el VAR intervino y lo invalid\u00f3 por offside milim\u00e9trico.En Defensa protestaron con fuerza y cuestionaron la posici\u00f3n del delantero en la jugada.Las l\u00edneas mostradas en la transmisi\u00f3n oficial tambi\u00e9n sembraron dudas y encendieron la discusi\u00f3n.\u00a0<a href=\"https:\/\/www.clarin.com\/deportes\/var-volvio-jugar-boca-offside-milimetrico-polemico-trazado-lineas-anulo-1-0-defensa-justicia_0_Y1IEkIHD8C.html\" target=\"_blank\" class=\"feedzy-rss-link-icon\">Read More<\/a><\/p>","protected":false},"excerpt":{"rendered":"<p>Juan Guti\u00e9rrez hab\u00eda puesto el 1-0 para el Halc\u00f3n a los cinco minutos, pero el&#8230;<\/p>\n","protected":false},"author":1,"featured_media":0,"comment_status":"open","ping_status":"open","sticky":false,"template":"","format":"standard","meta":{"footnotes":""},"categories":[6],"tags":[],"class_list":["post-61203","post","type-post","status-publish","format-standard","has-post-thumbnail","hentry","category-deportes"],"_links":{"self":[{"href":"https:\/\/masquenoticiastucuman.com.ar\/index.php?rest_route=\/wp\/v2\/posts\/61203","targetHints":{"allow":["GET"]}}],"collection":[{"href":"https:\/\/masquenoticiastucuman.com.ar\/index.php?rest_route=\/wp\/v2\/posts"}],"about":[{"href":"https:\/\/masquenoticiastucuman.com.ar\/index.php?rest_route=\/wp\/v2\/types\/post"}],"author":[{"embeddable":true,"href":"https:\/\/masquenoticiastucuman.com.ar\/index.php?rest_route=\/wp\/v2\/users\/1"}],"replies":[{"embeddable":true,"href":"https:\/\/masquenoticiastucuman.com.ar\/index.php?rest_route=%2Fwp%2Fv2%2Fcomments&post=61203"}],"version-history":[{"count":0,"href":"https:\/\/masquenoticiastucuman.com.ar\/index.php?rest_route=\/wp\/v2\/posts\/61203\/revisions"}],"wp:attachment":[{"href":"https:\/\/masquenoticiastucuman.com.ar\/index.php?rest_route=%2Fwp%2Fv2%2Fmedia&parent=61203"}],"wp:term":[{"taxonomy":"category","embeddable":true,"href":"https:\/\/masquenoticiastucuman.com.ar\/index.php?rest_route=%2Fwp%2Fv2%2Fcategories&post=61203"},{"taxonomy":"post_tag","embeddable":true,"href":"https:\/\/masquenoticiastucuman.com.ar\/index.php?rest_route=%2Fwp%2Fv2%2Ftags&post=61203"}],"curies":[{"name":"wp","href":"https:\/\/api.w.org\/{rel}","templated":true}]}}