{"id":61204,"date":"2026-04-23T22:16:21","date_gmt":"2026-04-24T01:16:21","guid":{"rendered":"http:\/\/masquenoticiastucuman.com.ar\/?p=61204"},"modified":"2026-04-23T22:16:21","modified_gmt":"2026-04-24T01:16:21","slug":"asi-quedaron-las-tablas-del-torneo-apertura-2026-boca-es-el-sexto-clasificado-a-los-octavos-y-les-dio-una-mano-a-talleres-independiente-y-san-lorenzo","status":"publish","type":"post","link":"https:\/\/masquenoticiastucuman.com.ar\/?p=61204","title":{"rendered":"As\u00ed quedaron las tablas del Torneo Apertura 2026: Boca es el sexto clasificado a los octavos y les dio una mano a Talleres, Independiente y San Lorenzo"},"content":{"rendered":"<ul>\n<li>El Xeneize gole\u00f3 a Defensa y Justicia en Florencio Varela y acumul\u00f3 su 14\u00b0 partido invicto.<\/li>\n<li>El conjunto cordob\u00e9s asegur\u00f3 su plaza en la lucha por el t\u00edtulo.<\/li>\n<li>Fue la apertura de la pen\u00faltima fecha de la fase regular.<\/li>\n<\/ul>\n<p>\u200bEl Xeneize gole\u00f3 a Defensa y Justicia en Florencio Varela y acumul\u00f3 su 14\u00b0 partido invicto.El conjunto cordob\u00e9s asegur\u00f3 su plaza en la lucha por el t\u00edtulo.Fue la apertura de la pen\u00faltima fecha de la fase regular.\u00a0<a href=\"https:\/\/www.clarin.com\/deportes\/quedaron-tablas-torneo-apertura-2026-boca-sexto-clasificado-octavos-dio-mano-independiente-san-lorenzo_0_lNJlFOZVYx.html\" target=\"_blank\" class=\"feedzy-rss-link-icon\">Read More<\/a><\/p>","protected":false},"excerpt":{"rendered":"<p>El Xeneize gole\u00f3 a Defensa y Justicia en Florencio Varela y acumul\u00f3 su 14\u00b0 partido&#8230;<\/p>\n","protected":false},"author":1,"featured_media":0,"comment_status":"open","ping_status":"open","sticky":false,"template":"","format":"standard","meta":{"footnotes":""},"categories":[6],"tags":[],"class_list":["post-61204","post","type-post","status-publish","format-standard","has-post-thumbnail","hentry","category-deportes"],"_links":{"self":[{"href":"https:\/\/masquenoticiastucuman.com.ar\/index.php?rest_route=\/wp\/v2\/posts\/61204","targetHints":{"allow":["GET"]}}],"collection":[{"href":"https:\/\/masquenoticiastucuman.com.ar\/index.php?rest_route=\/wp\/v2\/posts"}],"about":[{"href":"https:\/\/masquenoticiastucuman.com.ar\/index.php?rest_route=\/wp\/v2\/types\/post"}],"author":[{"embeddable":true,"href":"https:\/\/masquenoticiastucuman.com.ar\/index.php?rest_route=\/wp\/v2\/users\/1"}],"replies":[{"embeddable":true,"href":"https:\/\/masquenoticiastucuman.com.ar\/index.php?rest_route=%2Fwp%2Fv2%2Fcomments&post=61204"}],"version-history":[{"count":0,"href":"https:\/\/masquenoticiastucuman.com.ar\/index.php?rest_route=\/wp\/v2\/posts\/61204\/revisions"}],"wp:attachment":[{"href":"https:\/\/masquenoticiastucuman.com.ar\/index.php?rest_route=%2Fwp%2Fv2%2Fmedia&parent=61204"}],"wp:term":[{"taxonomy":"category","embeddable":true,"href":"https:\/\/masquenoticiastucuman.com.ar\/index.php?rest_route=%2Fwp%2Fv2%2Fcategories&post=61204"},{"taxonomy":"post_tag","embeddable":true,"href":"https:\/\/masquenoticiastucuman.com.ar\/index.php?rest_route=%2Fwp%2Fv2%2Ftags&post=61204"}],"curies":[{"name":"wp","href":"https:\/\/api.w.org\/{rel}","templated":true}]}}