{"id":61205,"date":"2026-04-24T00:16:10","date_gmt":"2026-04-24T03:16:10","guid":{"rendered":"http:\/\/masquenoticiastucuman.com.ar\/?p=61205"},"modified":"2026-04-24T00:16:10","modified_gmt":"2026-04-24T03:16:10","slug":"luisiana-volvio-a-quedar-bajo-fuego-tras-un-tiroteo-en-un-centro-comercial-que-dejo-un-muerto","status":"publish","type":"post","link":"https:\/\/masquenoticiastucuman.com.ar\/?p=61205","title":{"rendered":"Luisiana volvi\u00f3 a quedar bajo fuego tras un tiroteo en un centro comercial que dej\u00f3 un muerto"},"content":{"rendered":"<ul>\n<li>El ataque ocurri\u00f3 en la ciudad de Baton Rouge y dej\u00f3 adem\u00e1s varias personas hospitalizadas. <\/li>\n<li>La Polic\u00eda detuvo a cinco sospechosos. <\/li>\n<li>El hecho se suma a otra balacera ocurrida d\u00edas atr\u00e1s en este estado, cuando un hombre asesin\u00f3 a ocho ni\u00f1os. <\/li>\n<\/ul>\n<p>\u200bEl ataque ocurri\u00f3 en la ciudad de Baton Rouge y dej\u00f3 adem\u00e1s varias personas hospitalizadas. La Polic\u00eda detuvo a cinco sospechosos. El hecho se suma a otra balacera ocurrida d\u00edas atr\u00e1s en este estado, cuando un hombre asesin\u00f3 a ocho ni\u00f1os.\u00a0<a href=\"https:\/\/www.clarin.com\/mundo\/luisiana-volvio-quedar-fuego-tiroteo-centro-comercial-dejo-muerto_0_MAu8Dfkq6O.html\" target=\"_blank\" class=\"feedzy-rss-link-icon\">Read More<\/a><\/p>","protected":false},"excerpt":{"rendered":"<p>El ataque ocurri\u00f3 en la ciudad de Baton Rouge y dej\u00f3 adem\u00e1s varias personas hospitalizadas&#8230;.<\/p>\n","protected":false},"author":1,"featured_media":61206,"comment_status":"open","ping_status":"open","sticky":false,"template":"","format":"standard","meta":{"footnotes":""},"categories":[4],"tags":[],"class_list":["post-61205","post","type-post","status-publish","format-standard","has-post-thumbnail","hentry","category-internacionales"],"_links":{"self":[{"href":"https:\/\/masquenoticiastucuman.com.ar\/index.php?rest_route=\/wp\/v2\/posts\/61205","targetHints":{"allow":["GET"]}}],"collection":[{"href":"https:\/\/masquenoticiastucuman.com.ar\/index.php?rest_route=\/wp\/v2\/posts"}],"about":[{"href":"https:\/\/masquenoticiastucuman.com.ar\/index.php?rest_route=\/wp\/v2\/types\/post"}],"author":[{"embeddable":true,"href":"https:\/\/masquenoticiastucuman.com.ar\/index.php?rest_route=\/wp\/v2\/users\/1"}],"replies":[{"embeddable":true,"href":"https:\/\/masquenoticiastucuman.com.ar\/index.php?rest_route=%2Fwp%2Fv2%2Fcomments&post=61205"}],"version-history":[{"count":0,"href":"https:\/\/masquenoticiastucuman.com.ar\/index.php?rest_route=\/wp\/v2\/posts\/61205\/revisions"}],"wp:featuredmedia":[{"embeddable":true,"href":"https:\/\/masquenoticiastucuman.com.ar\/index.php?rest_route=\/wp\/v2\/media\/61206"}],"wp:attachment":[{"href":"https:\/\/masquenoticiastucuman.com.ar\/index.php?rest_route=%2Fwp%2Fv2%2Fmedia&parent=61205"}],"wp:term":[{"taxonomy":"category","embeddable":true,"href":"https:\/\/masquenoticiastucuman.com.ar\/index.php?rest_route=%2Fwp%2Fv2%2Fcategories&post=61205"},{"taxonomy":"post_tag","embeddable":true,"href":"https:\/\/masquenoticiastucuman.com.ar\/index.php?rest_route=%2Fwp%2Fv2%2Ftags&post=61205"}],"curies":[{"name":"wp","href":"https:\/\/api.w.org\/{rel}","templated":true}]}}