{"id":61210,"date":"2026-04-24T06:02:36","date_gmt":"2026-04-24T09:02:36","guid":{"rendered":"http:\/\/masquenoticiastucuman.com.ar\/?p=61210"},"modified":"2026-04-24T06:02:36","modified_gmt":"2026-04-24T09:02:36","slug":"jaafar-jackson-quien-es-el-sobrino-de-michael-jackson-y-por-que-oculto-a-su-familia-que-iba-a-interpretar-a-su-tio","status":"publish","type":"post","link":"https:\/\/masquenoticiastucuman.com.ar\/?p=61210","title":{"rendered":"Jaafar Jackson: qui\u00e9n es el sobrino de Michael Jackson y por qu\u00e9 ocult\u00f3 a su familia que iba a interpretar a su t\u00edo"},"content":{"rendered":"<ul>\n<li>El protagonista de la biopic &#8220;Michael&#8221; nunca hab\u00eda actuado y practic\u00f3 m\u00e1s de un a\u00f1o los gestos y movimientos de Jackson.<\/li>\n<li>Su madre, antes de casarse con su padre, tuvo dos hijos con otro hermano de Michael, que sus hermanos y primos de Jaafar&#8230;<\/li>\n<\/ul>\n<p>\u200bEl protagonista de la biopic &#8220;Michael&#8221; nunca hab\u00eda actuado y practic\u00f3 m\u00e1s de un a\u00f1o los gestos y movimientos de Jackson.Su madre, antes de casarse con su padre, tuvo dos hijos con otro hermano de Michael, que sus hermanos y primos de Jaafar&#8230;\u00a0<a href=\"https:\/\/www.clarin.com\/espectaculos\/jaafar-jackson-sobrino-michael-jackson-oculto-familia-iba-interpretar-tio_0_Vy3jdbNIuz.html\" target=\"_blank\" class=\"feedzy-rss-link-icon\">Read More<\/a><\/p>","protected":false},"excerpt":{"rendered":"<p>El protagonista de la biopic &#8220;Michael&#8221; nunca hab\u00eda actuado y practic\u00f3 m\u00e1s de un a\u00f1o&#8230;<\/p>\n","protected":false},"author":1,"featured_media":0,"comment_status":"open","ping_status":"open","sticky":false,"template":"","format":"standard","meta":{"footnotes":""},"categories":[5],"tags":[],"class_list":["post-61210","post","type-post","status-publish","format-standard","has-post-thumbnail","hentry","category-espectaculo"],"_links":{"self":[{"href":"https:\/\/masquenoticiastucuman.com.ar\/index.php?rest_route=\/wp\/v2\/posts\/61210","targetHints":{"allow":["GET"]}}],"collection":[{"href":"https:\/\/masquenoticiastucuman.com.ar\/index.php?rest_route=\/wp\/v2\/posts"}],"about":[{"href":"https:\/\/masquenoticiastucuman.com.ar\/index.php?rest_route=\/wp\/v2\/types\/post"}],"author":[{"embeddable":true,"href":"https:\/\/masquenoticiastucuman.com.ar\/index.php?rest_route=\/wp\/v2\/users\/1"}],"replies":[{"embeddable":true,"href":"https:\/\/masquenoticiastucuman.com.ar\/index.php?rest_route=%2Fwp%2Fv2%2Fcomments&post=61210"}],"version-history":[{"count":0,"href":"https:\/\/masquenoticiastucuman.com.ar\/index.php?rest_route=\/wp\/v2\/posts\/61210\/revisions"}],"wp:attachment":[{"href":"https:\/\/masquenoticiastucuman.com.ar\/index.php?rest_route=%2Fwp%2Fv2%2Fmedia&parent=61210"}],"wp:term":[{"taxonomy":"category","embeddable":true,"href":"https:\/\/masquenoticiastucuman.com.ar\/index.php?rest_route=%2Fwp%2Fv2%2Fcategories&post=61210"},{"taxonomy":"post_tag","embeddable":true,"href":"https:\/\/masquenoticiastucuman.com.ar\/index.php?rest_route=%2Fwp%2Fv2%2Ftags&post=61210"}],"curies":[{"name":"wp","href":"https:\/\/api.w.org\/{rel}","templated":true}]}}