{"id":61211,"date":"2026-04-24T05:00:33","date_gmt":"2026-04-24T08:00:33","guid":{"rendered":"http:\/\/masquenoticiastucuman.com.ar\/?p=61211"},"modified":"2026-04-24T05:00:33","modified_gmt":"2026-04-24T08:00:33","slug":"el-fotografo-de-charly-garcia-presenta-una-muestra-con-imagenes-intimas-de-messi-y-maradona","status":"publish","type":"post","link":"https:\/\/masquenoticiastucuman.com.ar\/?p=61211","title":{"rendered":"El fot\u00f3grafo de Charly Garc\u00eda presenta una muestra con im\u00e1genes \u00edntimas de Messi y Maradona"},"content":{"rendered":"<ul>\n<li>Este viernes 24 de abril se inaugura la muestra Argentinos 1995-2025 en el Palacio Libertad.<\/li>\n<li>All\u00ed se exhibir\u00e1n una serie de im\u00e1genes de los dos mejores futbolistas de todos los tiempos.<\/li>\n<li>La historia de la producci\u00f3n de Messi que casi muere en el anonimato y c\u00f3mo fotografiar a Maradona sin morir en el intento.<\/li>\n<\/ul>\n<p>\u200bEste viernes 24 de abril se inaugura la muestra Argentinos 1995-2025 en el Palacio Libertad.All\u00ed se exhibir\u00e1n una serie de im\u00e1genes de los dos mejores futbolistas de todos los tiempos.La historia de la producci\u00f3n de Messi que casi muere en el anonimato y c\u00f3mo fotografiar a Maradona sin morir en el intento.\u00a0<a href=\"https:\/\/www.clarin.com\/deportes\/fotografo-charly-garcia-presenta-muestra-imagenes-intimas-messi-maradona_0_Ng9wotgR4g.html\" target=\"_blank\" class=\"feedzy-rss-link-icon\">Read More<\/a><\/p>","protected":false},"excerpt":{"rendered":"<p>Este viernes 24 de abril se inaugura la muestra Argentinos 1995-2025 en el Palacio Libertad&#8230;.<\/p>\n","protected":false},"author":1,"featured_media":0,"comment_status":"open","ping_status":"open","sticky":false,"template":"","format":"standard","meta":{"footnotes":""},"categories":[6],"tags":[],"class_list":["post-61211","post","type-post","status-publish","format-standard","has-post-thumbnail","hentry","category-deportes"],"_links":{"self":[{"href":"https:\/\/masquenoticiastucuman.com.ar\/index.php?rest_route=\/wp\/v2\/posts\/61211","targetHints":{"allow":["GET"]}}],"collection":[{"href":"https:\/\/masquenoticiastucuman.com.ar\/index.php?rest_route=\/wp\/v2\/posts"}],"about":[{"href":"https:\/\/masquenoticiastucuman.com.ar\/index.php?rest_route=\/wp\/v2\/types\/post"}],"author":[{"embeddable":true,"href":"https:\/\/masquenoticiastucuman.com.ar\/index.php?rest_route=\/wp\/v2\/users\/1"}],"replies":[{"embeddable":true,"href":"https:\/\/masquenoticiastucuman.com.ar\/index.php?rest_route=%2Fwp%2Fv2%2Fcomments&post=61211"}],"version-history":[{"count":0,"href":"https:\/\/masquenoticiastucuman.com.ar\/index.php?rest_route=\/wp\/v2\/posts\/61211\/revisions"}],"wp:attachment":[{"href":"https:\/\/masquenoticiastucuman.com.ar\/index.php?rest_route=%2Fwp%2Fv2%2Fmedia&parent=61211"}],"wp:term":[{"taxonomy":"category","embeddable":true,"href":"https:\/\/masquenoticiastucuman.com.ar\/index.php?rest_route=%2Fwp%2Fv2%2Fcategories&post=61211"},{"taxonomy":"post_tag","embeddable":true,"href":"https:\/\/masquenoticiastucuman.com.ar\/index.php?rest_route=%2Fwp%2Fv2%2Ftags&post=61211"}],"curies":[{"name":"wp","href":"https:\/\/api.w.org\/{rel}","templated":true}]}}