{"id":61213,"date":"2026-04-24T07:54:52","date_gmt":"2026-04-24T10:54:52","guid":{"rendered":"https:\/\/masquenoticiastucuman.com.ar\/?p=61213"},"modified":"2026-04-24T07:54:52","modified_gmt":"2026-04-24T10:54:52","slug":"concretaron-un-nuevo-traslado-de-detenidos-desde-comisarias-a-benjamin-paz","status":"publish","type":"post","link":"https:\/\/masquenoticiastucuman.com.ar\/?p=61213","title":{"rendered":"Concretaron un nuevo traslado de detenidos desde comisar\u00edas a Benjam\u00edn Paz"},"content":{"rendered":"\n<p>El operativo, realizado por efectivos de la Divisi\u00f3n Especial de Operaciones Penitenciarias, permite descomprimir las dependencias policiales.<\/p>\n\n\n\n<p id=\"isPasted\">Este jueves el subprefecto&nbsp;<strong>Ra\u00fal Meli\u00e1n<\/strong>, director del penal de Benjam\u00edn Paz, inform\u00f3 que continuando con el plan estrat\u00e9gico de seguridad, puesto en vigencia por el superior gobierno de la provincia, el Ministerio de Seguridad y bajo el lineamiento y coordinaci\u00f3n del director general del Servicio Penitenciario, en el d\u00eda de la fecha se recepcion\u00f3 nueve internos en el complejo penitenciario para su alojamiento.<\/p>\n\n\n\n<p>Luego agreg\u00f3: \u201cLos mismos son provenientes de diferentes comisar\u00edas, pero en virtud de coordinaci\u00f3n del Servicio Penitenciario con la Polic\u00eda de Tucum\u00e1n, fueron centralizados operativamente en un punto determinado para que el personal de la Divisi\u00f3n Especial de Operaciones Penitenciarias con el que cuenta la instituci\u00f3n, se haga cargo en el d\u00eda de la fecha del traslado de los mismos internos hasta este complejo penitenciario, el cual fue llevado a cabo sin ninguna novedad\u201d.<\/p>\n\n\n\n<p>Adem\u00e1s indic\u00f3 que los internos ingresan a un periodo de admisi\u00f3n, control f\u00edsico y despu\u00e9s a posterior, en cuanto a un abordaje del cuerpo interdisciplinario de profesionales que cuentan en la instituci\u00f3n, van a ser distribuidos en las diferentes unidades en virtud de su causa o situaci\u00f3n judicial para continuar cumpliendo su proceso judicial en este establecimiento.<\/p>\n\n\n\n<p>Por \u00faltimo sostuvo: \u201cLa finalidad del nuevo complejo de Benjam\u00edn Paz poder descomprimir las comisar\u00edas de la provincia y as\u00ed el personal policial para evacuarse a la tarea correspondiente de seguridad y prevenci\u00f3n hacia la ciudadan\u00eda y el complejo penitenciario poder alojar la mayor cantidad de internos que se encuentran distribuidos en las diferentes comisar\u00edas de esta provincia\u201d.<\/p>\n\n\n\n<p>Por su parte, el comisario general J<strong>avier Villafa\u00f1e<\/strong>, a cargo del Departamento Judicial D5, explic\u00f3 que la mayor\u00eda de los traslados pertenecen a la capital, y precis\u00f3: \u201cSon detenidos de diferentes delitos, homicidios, robo agravado. En general tomamos como par\u00e1metro el que tenga mayor a\u00f1o de condena\u201d.<\/p>\n\n\n\n<p>Para concluir, Villafa\u00f1e destac\u00f3 el trabajo conjunto que realiza la Polic\u00eda de Tucum\u00e1n junto al Servicio Penitenciario.<\/p>\n","protected":false},"excerpt":{"rendered":"<p>El operativo, realizado por efectivos de la Divisi\u00f3n Especial de Operaciones Penitenciarias, permite descomprimir las&#8230;<\/p>\n","protected":false},"author":2,"featured_media":61214,"comment_status":"open","ping_status":"open","sticky":false,"template":"","format":"standard","meta":{"footnotes":""},"categories":[2],"tags":[],"class_list":["post-61213","post","type-post","status-publish","format-standard","has-post-thumbnail","hentry","category-locales"],"_links":{"self":[{"href":"https:\/\/masquenoticiastucuman.com.ar\/index.php?rest_route=\/wp\/v2\/posts\/61213","targetHints":{"allow":["GET"]}}],"collection":[{"href":"https:\/\/masquenoticiastucuman.com.ar\/index.php?rest_route=\/wp\/v2\/posts"}],"about":[{"href":"https:\/\/masquenoticiastucuman.com.ar\/index.php?rest_route=\/wp\/v2\/types\/post"}],"author":[{"embeddable":true,"href":"https:\/\/masquenoticiastucuman.com.ar\/index.php?rest_route=\/wp\/v2\/users\/2"}],"replies":[{"embeddable":true,"href":"https:\/\/masquenoticiastucuman.com.ar\/index.php?rest_route=%2Fwp%2Fv2%2Fcomments&post=61213"}],"version-history":[{"count":1,"href":"https:\/\/masquenoticiastucuman.com.ar\/index.php?rest_route=\/wp\/v2\/posts\/61213\/revisions"}],"predecessor-version":[{"id":61215,"href":"https:\/\/masquenoticiastucuman.com.ar\/index.php?rest_route=\/wp\/v2\/posts\/61213\/revisions\/61215"}],"wp:featuredmedia":[{"embeddable":true,"href":"https:\/\/masquenoticiastucuman.com.ar\/index.php?rest_route=\/wp\/v2\/media\/61214"}],"wp:attachment":[{"href":"https:\/\/masquenoticiastucuman.com.ar\/index.php?rest_route=%2Fwp%2Fv2%2Fmedia&parent=61213"}],"wp:term":[{"taxonomy":"category","embeddable":true,"href":"https:\/\/masquenoticiastucuman.com.ar\/index.php?rest_route=%2Fwp%2Fv2%2Fcategories&post=61213"},{"taxonomy":"post_tag","embeddable":true,"href":"https:\/\/masquenoticiastucuman.com.ar\/index.php?rest_route=%2Fwp%2Fv2%2Ftags&post=61213"}],"curies":[{"name":"wp","href":"https:\/\/api.w.org\/{rel}","templated":true}]}}