{"id":61216,"date":"2026-04-24T08:03:06","date_gmt":"2026-04-24T11:03:06","guid":{"rendered":"https:\/\/masquenoticiastucuman.com.ar\/?p=61216"},"modified":"2026-04-24T08:03:06","modified_gmt":"2026-04-24T11:03:06","slug":"el-gobierno-provincial-avanza-con-las-obras-de-proteccion-del-rio-chirimayo","status":"publish","type":"post","link":"https:\/\/masquenoticiastucuman.com.ar\/?p=61216","title":{"rendered":"El Gobierno provincial avanza con las obras de protecci\u00f3n del R\u00edo Chirimayo"},"content":{"rendered":"\n<p>El Ministerio de Obras, Infraestructura y Transporte P\u00fablico ejecuta tareas de encauce del r\u00edo y reconstrucci\u00f3n de los accesos al puente de la calle San Mart\u00edn. Los trabajos, con una inversi\u00f3n superior a los 400 millones de pesos, permitir\u00e1n normalizar la circulaci\u00f3n en menos de 30 d\u00edas.<\/p>\n\n\n\n<p>El Gobierno de Tucum\u00e1n ha puesto en marcha un operativo de intervenci\u00f3n integral sobre el puente del R\u00edo Chirimayo, ubicado en la calle San Mart\u00edn de la ciudad de Concepci\u00f3n. Las tareas, que se ejecutan de manera articulada entre la Direcci\u00f3n Provincial de Vialidad (DPV) y la Direcci\u00f3n Provincial del Agua (DPA), se centran en la protecci\u00f3n de la estructura y la recuperaci\u00f3n del terrapl\u00e9n de acceso, afectado por la erosi\u00f3n h\u00eddrica. Esta arteria es de vital importancia para la zona, ya que constituye el nexo principal de conectividad entre el centro de la ciudad y el sector de Los Vallejos, por lo que su rehabilitaci\u00f3n es prioritaria para la din\u00e1mica urbana local.<\/p>\n\n\n\n<p>El plan de obra contempla una soluci\u00f3n t\u00e9cnica robusta mediante la instalaci\u00f3n de muros de defensa con gaviones y colchonetas, adem\u00e1s de la ejecuci\u00f3n de espigones en la margen este para prevenir futuros desbordes. Paralelamente se realiza un trabajo de rectificaci\u00f3n y encauce del r\u00edo, tanto aguas arriba como aguas abajo del puente, para optimizar el escurrimiento y evitar anegamientos.<\/p>\n\n\n\n<p>Los estudios t\u00e9cnicos de la DPV confirmaron que, si bien la estructura del puente se encuentra en perfectas condiciones, s\u00ed hay da\u00f1os en el terrapl\u00e9n de ingreso por lo que la prioridad actual es la demolici\u00f3n y restituci\u00f3n de la calzada con material calificado para devolver la transitabilidad segura. La inversi\u00f3n total del proyecto supera los 400 millones de pesos, financiados \u00edntegramente con recursos provinciales.<\/p>\n\n\n\n<p>Esta intervenci\u00f3n responde a una instrucci\u00f3n directa del gobernador Osvaldo Jaldo de brindar respuestas r\u00e1pidas a los municipios. La supervisi\u00f3n de las tareas est\u00e1 a cargo del ministro de Obras, Infraestructura y Transporte P\u00fablico, Ing<strong>. Marcelo Nazur,<\/strong>&nbsp;quien recorri\u00f3 la zona junto al secretario de Estado de Obras P\u00fablicas,<strong>&nbsp;Jorge Chrestia<\/strong>; el director de la DPV, Ing.&nbsp;<strong>Pablo D\u00edaz;<\/strong>&nbsp;y el director de la DPA, Ing.&nbsp;<strong>Marcelo Cancillieri.<\/strong><\/p>\n\n\n\n<figure class=\"wp-block-image size-full\"><img loading=\"lazy\" decoding=\"async\" width=\"905\" height=\"493\" src=\"https:\/\/masquenoticiastucuman.com.ar\/wp-content\/uploads\/2026\/04\/260423185259_89942.png\" alt=\"\" class=\"wp-image-61217\" srcset=\"https:\/\/masquenoticiastucuman.com.ar\/wp-content\/uploads\/2026\/04\/260423185259_89942.png 905w, https:\/\/masquenoticiastucuman.com.ar\/wp-content\/uploads\/2026\/04\/260423185259_89942-300x163.png 300w, https:\/\/masquenoticiastucuman.com.ar\/wp-content\/uploads\/2026\/04\/260423185259_89942-768x418.png 768w\" sizes=\"auto, (max-width: 905px) 100vw, 905px\" \/><\/figure>\n\n\n\n<p>Tambi\u00e9n acompa\u00f1aron la visita la presidenta del Concejo Deliberante de Concepci\u00f3n,&nbsp;<strong>Mercedes Benitez<\/strong>, y los concejales<strong>&nbsp;Federico Funez, Franco Morelli, Nelson Portugal, Marcelo Kresseler, Orlando Alberto Russo, Gabriel Jim\u00e9nez y Pedro Albornoz,<\/strong>&nbsp;destacando el trabajo coordinado entre la provincia y el legislativo local.<\/p>\n\n\n\n<p>Al respecto, el ministro Ing. Nazur destac\u00f3 el compromiso del Ejecutivo con la obra: \u00abestamos visitando esta arteria estrat\u00e9gica de Concepci\u00f3n por instrucci\u00f3n del gobernador Osvaldo Jaldo. Si bien este puente pertenece a la red vial municipal, hoy nos hacemos presentes con toda la capacidad t\u00e9cnica de la DPV y la DPA para dar una soluci\u00f3n definitiva. Es una obra cien por ciento provincial. Estimamos que en 20 o 30 d\u00edas los vecinos podr\u00e1n circular con total normalidad. Adem\u00e1s de la calzada, estamos realizando un estudio completo del R\u00edo Chirimayo para llevar a cabo una canalizaci\u00f3n que evite futuros anegamientos e inundaciones en cualquier punto de su cauce\u00bb.<\/p>\n\n\n\n<figure class=\"wp-block-image size-full\"><img loading=\"lazy\" decoding=\"async\" width=\"885\" height=\"485\" src=\"https:\/\/masquenoticiastucuman.com.ar\/wp-content\/uploads\/2026\/04\/260423185326_25528.png\" alt=\"\" class=\"wp-image-61218\" srcset=\"https:\/\/masquenoticiastucuman.com.ar\/wp-content\/uploads\/2026\/04\/260423185326_25528.png 885w, https:\/\/masquenoticiastucuman.com.ar\/wp-content\/uploads\/2026\/04\/260423185326_25528-300x164.png 300w, https:\/\/masquenoticiastucuman.com.ar\/wp-content\/uploads\/2026\/04\/260423185326_25528-768x421.png 768w\" sizes=\"auto, (max-width: 885px) 100vw, 885px\" \/><\/figure>\n\n\n\n<p>Por su parte, el titular de la DPV, Ing. D\u00edaz, brind\u00f3 detalles sobre la faz t\u00e9cnica y presupuestaria: \u00abpor indicaci\u00f3n del gobernador y el ministro Nazur hemos procedido a la restituci\u00f3n del paso, atacando la erosi\u00f3n que el r\u00edo gener\u00f3 en el estribo de la margen derecha. Estamos construyendo muros de gaviones y colchonetas para asegurar ese sector, para luego pavimentar y llevar la calzada al nivel de rasante original. Es una obra de gran envergadura que supera los 400 millones de pesos y que tiene como objetivo central devolver la seguridad a este cruce\u00bb.<\/p>\n\n\n\n<p>Con la ejecuci\u00f3n de estos trabajos la Provincia garantiza la recuperaci\u00f3n de una v\u00eda de comunicaci\u00f3n fundamental e implementa medidas de prevenci\u00f3n h\u00eddrica que protegen a los barrios aleda\u00f1os. La presencia del Estado en territorio asegura que la infraestructura p\u00fablica cumpla su rol social, fomentando la seguridad vial y la tranquilidad de los vecinos de Concepci\u00f3n ante los desaf\u00edos clim\u00e1ticos.<\/p>\n","protected":false},"excerpt":{"rendered":"<p>El Ministerio de Obras, Infraestructura y Transporte P\u00fablico ejecuta tareas de encauce del r\u00edo y&#8230;<\/p>\n","protected":false},"author":2,"featured_media":61219,"comment_status":"open","ping_status":"open","sticky":false,"template":"","format":"standard","meta":{"footnotes":""},"categories":[2],"tags":[],"class_list":["post-61216","post","type-post","status-publish","format-standard","has-post-thumbnail","hentry","category-locales"],"_links":{"self":[{"href":"https:\/\/masquenoticiastucuman.com.ar\/index.php?rest_route=\/wp\/v2\/posts\/61216","targetHints":{"allow":["GET"]}}],"collection":[{"href":"https:\/\/masquenoticiastucuman.com.ar\/index.php?rest_route=\/wp\/v2\/posts"}],"about":[{"href":"https:\/\/masquenoticiastucuman.com.ar\/index.php?rest_route=\/wp\/v2\/types\/post"}],"author":[{"embeddable":true,"href":"https:\/\/masquenoticiastucuman.com.ar\/index.php?rest_route=\/wp\/v2\/users\/2"}],"replies":[{"embeddable":true,"href":"https:\/\/masquenoticiastucuman.com.ar\/index.php?rest_route=%2Fwp%2Fv2%2Fcomments&post=61216"}],"version-history":[{"count":1,"href":"https:\/\/masquenoticiastucuman.com.ar\/index.php?rest_route=\/wp\/v2\/posts\/61216\/revisions"}],"predecessor-version":[{"id":61220,"href":"https:\/\/masquenoticiastucuman.com.ar\/index.php?rest_route=\/wp\/v2\/posts\/61216\/revisions\/61220"}],"wp:featuredmedia":[{"embeddable":true,"href":"https:\/\/masquenoticiastucuman.com.ar\/index.php?rest_route=\/wp\/v2\/media\/61219"}],"wp:attachment":[{"href":"https:\/\/masquenoticiastucuman.com.ar\/index.php?rest_route=%2Fwp%2Fv2%2Fmedia&parent=61216"}],"wp:term":[{"taxonomy":"category","embeddable":true,"href":"https:\/\/masquenoticiastucuman.com.ar\/index.php?rest_route=%2Fwp%2Fv2%2Fcategories&post=61216"},{"taxonomy":"post_tag","embeddable":true,"href":"https:\/\/masquenoticiastucuman.com.ar\/index.php?rest_route=%2Fwp%2Fv2%2Ftags&post=61216"}],"curies":[{"name":"wp","href":"https:\/\/api.w.org\/{rel}","templated":true}]}}