{"id":61223,"date":"2026-04-24T08:22:09","date_gmt":"2026-04-24T11:22:09","guid":{"rendered":"http:\/\/masquenoticiastucuman.com.ar\/?p=61223"},"modified":"2026-04-24T08:22:09","modified_gmt":"2026-04-24T11:22:09","slug":"guerra-entre-estados-unidos-israel-e-iran-en-vivo-fuerzas-israelies-y-hezbollah-cruzaron-ataques-pese-al-alto-el-fuego-extendido-por-trump","status":"publish","type":"post","link":"https:\/\/masquenoticiastucuman.com.ar\/?p=61223","title":{"rendered":"Guerra entre Estados Unidos, Israel e Ir\u00e1n, EN VIVO: fuerzas israel\u00edes y Hezbollah cruzaron ataques pese al alto el fuego extendido por Trump"},"content":{"rendered":"<ul>\n<li>Mientras tanto, el precio del petr\u00f3leo se muestra a la baja este viernes y el crudo Brent cotiza en torno a los US$ 104 por barril.<\/li>\n<li>Segu\u00ed todas las novedades sobre la guerra entre Estados Unidos, Israel e Ir\u00e1n en la cobertura minuto a minuto de Clar\u00edn.<\/li>\n<\/ul>\n<p>\u200bMientras tanto, el precio del petr\u00f3leo se muestra a la baja este viernes y el crudo Brent cotiza en torno a los US$ 104 por barril.Segu\u00ed todas las novedades sobre la guerra entre Estados Unidos, Israel e Ir\u00e1n en la cobertura minuto a minuto de Clar\u00edn.\u00a0<a href=\"https:\/\/www.clarin.com\/mundo\/guerra-estados-unidos-israel-iran-vivo-fuerzas-israelies-hezbollah-cruzaron-ataques-pese-alto-fuego-extendido-trump_0_RpkiZZfTCF.html\" target=\"_blank\" class=\"feedzy-rss-link-icon\">Read More<\/a><\/p>","protected":false},"excerpt":{"rendered":"<p>Mientras tanto, el precio del petr\u00f3leo se muestra a la baja este viernes y el&#8230;<\/p>\n","protected":false},"author":1,"featured_media":61224,"comment_status":"open","ping_status":"open","sticky":false,"template":"","format":"standard","meta":{"footnotes":""},"categories":[4],"tags":[],"class_list":["post-61223","post","type-post","status-publish","format-standard","has-post-thumbnail","hentry","category-internacionales"],"_links":{"self":[{"href":"https:\/\/masquenoticiastucuman.com.ar\/index.php?rest_route=\/wp\/v2\/posts\/61223","targetHints":{"allow":["GET"]}}],"collection":[{"href":"https:\/\/masquenoticiastucuman.com.ar\/index.php?rest_route=\/wp\/v2\/posts"}],"about":[{"href":"https:\/\/masquenoticiastucuman.com.ar\/index.php?rest_route=\/wp\/v2\/types\/post"}],"author":[{"embeddable":true,"href":"https:\/\/masquenoticiastucuman.com.ar\/index.php?rest_route=\/wp\/v2\/users\/1"}],"replies":[{"embeddable":true,"href":"https:\/\/masquenoticiastucuman.com.ar\/index.php?rest_route=%2Fwp%2Fv2%2Fcomments&post=61223"}],"version-history":[{"count":0,"href":"https:\/\/masquenoticiastucuman.com.ar\/index.php?rest_route=\/wp\/v2\/posts\/61223\/revisions"}],"wp:featuredmedia":[{"embeddable":true,"href":"https:\/\/masquenoticiastucuman.com.ar\/index.php?rest_route=\/wp\/v2\/media\/61224"}],"wp:attachment":[{"href":"https:\/\/masquenoticiastucuman.com.ar\/index.php?rest_route=%2Fwp%2Fv2%2Fmedia&parent=61223"}],"wp:term":[{"taxonomy":"category","embeddable":true,"href":"https:\/\/masquenoticiastucuman.com.ar\/index.php?rest_route=%2Fwp%2Fv2%2Fcategories&post=61223"},{"taxonomy":"post_tag","embeddable":true,"href":"https:\/\/masquenoticiastucuman.com.ar\/index.php?rest_route=%2Fwp%2Fv2%2Ftags&post=61223"}],"curies":[{"name":"wp","href":"https:\/\/api.w.org\/{rel}","templated":true}]}}