{"id":61226,"date":"2026-04-24T08:34:26","date_gmt":"2026-04-24T11:34:26","guid":{"rendered":"http:\/\/masquenoticiastucuman.com.ar\/?p=61226"},"modified":"2026-04-24T08:34:26","modified_gmt":"2026-04-24T11:34:26","slug":"masters-1000-de-madrid-dia-3-tomas-etcheverry-y-thiago-tirante-buscan-la-tercera-ronda-en-una-jornada-donde-solana-sierra-ya-festejo","status":"publish","type":"post","link":"https:\/\/masquenoticiastucuman.com.ar\/?p=61226","title":{"rendered":"Masters 1000 de Madrid, d\u00eda 3: Tom\u00e1s Etcheverry y Thiago Tirante buscan la tercera ronda en una jornada donde Solana Sierra ya festej\u00f3"},"content":{"rendered":"<ul>\n<li>Tomy debuta en la Caja M\u00e1gica contra Ofner, mientras que Thiago va contra el estadounidense Paul.<\/li>\n<li>Bien temprano, la tenista marplatense logr\u00f3 un triunfazo en la versi\u00f3n WTA 1000 del Madrid Open.<\/li>\n<li>El d\u00eda tendr\u00e1 los estrenos algunos favoritos, entre ellos el 1 del mundo, Jannik Sinner.<\/li>\n<\/ul>\n<p>\u200bTomy debuta en la Caja M\u00e1gica contra Ofner, mientras que Thiago va contra el estadounidense Paul.Bien temprano, la tenista marplatense logr\u00f3 un triunfazo en la versi\u00f3n WTA 1000 del Madrid Open.El d\u00eda tendr\u00e1 los estrenos algunos favoritos, entre ellos el 1 del mundo, Jannik Sinner.\u00a0<a href=\"https:\/\/www.clarin.com\/deportes\/masters-1000-madrid-dia-3-tomas-etcheverry-thiago-tirante-buscan-tercera-ronda-jornada-solana-sierra-festejo_0_ChpVsGixE9.html\" target=\"_blank\" class=\"feedzy-rss-link-icon\">Read More<\/a><\/p>","protected":false},"excerpt":{"rendered":"<p>Tomy debuta en la Caja M\u00e1gica contra Ofner, mientras que Thiago va contra el estadounidense&#8230;<\/p>\n","protected":false},"author":1,"featured_media":0,"comment_status":"open","ping_status":"open","sticky":false,"template":"","format":"standard","meta":{"footnotes":""},"categories":[6],"tags":[],"class_list":["post-61226","post","type-post","status-publish","format-standard","has-post-thumbnail","hentry","category-deportes"],"_links":{"self":[{"href":"https:\/\/masquenoticiastucuman.com.ar\/index.php?rest_route=\/wp\/v2\/posts\/61226","targetHints":{"allow":["GET"]}}],"collection":[{"href":"https:\/\/masquenoticiastucuman.com.ar\/index.php?rest_route=\/wp\/v2\/posts"}],"about":[{"href":"https:\/\/masquenoticiastucuman.com.ar\/index.php?rest_route=\/wp\/v2\/types\/post"}],"author":[{"embeddable":true,"href":"https:\/\/masquenoticiastucuman.com.ar\/index.php?rest_route=\/wp\/v2\/users\/1"}],"replies":[{"embeddable":true,"href":"https:\/\/masquenoticiastucuman.com.ar\/index.php?rest_route=%2Fwp%2Fv2%2Fcomments&post=61226"}],"version-history":[{"count":0,"href":"https:\/\/masquenoticiastucuman.com.ar\/index.php?rest_route=\/wp\/v2\/posts\/61226\/revisions"}],"wp:attachment":[{"href":"https:\/\/masquenoticiastucuman.com.ar\/index.php?rest_route=%2Fwp%2Fv2%2Fmedia&parent=61226"}],"wp:term":[{"taxonomy":"category","embeddable":true,"href":"https:\/\/masquenoticiastucuman.com.ar\/index.php?rest_route=%2Fwp%2Fv2%2Fcategories&post=61226"},{"taxonomy":"post_tag","embeddable":true,"href":"https:\/\/masquenoticiastucuman.com.ar\/index.php?rest_route=%2Fwp%2Fv2%2Ftags&post=61226"}],"curies":[{"name":"wp","href":"https:\/\/api.w.org\/{rel}","templated":true}]}}