{"id":61227,"date":"2026-04-24T06:00:45","date_gmt":"2026-04-24T09:00:45","guid":{"rendered":"http:\/\/masquenoticiastucuman.com.ar\/?p=61227"},"modified":"2026-04-24T06:00:45","modified_gmt":"2026-04-24T09:00:45","slug":"argelia-rival-de-argentina-en-el-mundial-2026-y-una-malaria-inesperada-se-le-lesionaron-los-dos-arqueros-suplentes-y-va-por-un-retirado","status":"publish","type":"post","link":"https:\/\/masquenoticiastucuman.com.ar\/?p=61227","title":{"rendered":"Argelia, rival de Argentina en el Mundial 2026, y una malaria inesperada: se le lesionaron los dos arqueros suplentes y va por un retirado"},"content":{"rendered":"<ul>\n<li>Anthony Mandrea y Melvin Mastel deben someterse a sendas operaciones en los africanos, que debutar\u00e1n ante la Scaloneta el martes 16 de junio.<\/li>\n<li>El titular es Luca Zidane, el hijo de Zinedine, que la rompi\u00f3 en la Copa \u00c1frica.<\/li>\n<\/ul>\n<p>\u200bAnthony Mandrea y Melvin Mastel deben someterse a sendas operaciones en los africanos, que debutar\u00e1n ante la Scaloneta el martes 16 de junio.El titular es Luca Zidane, el hijo de Zinedine, que la rompi\u00f3 en la Copa \u00c1frica.\u00a0<a href=\"https:\/\/www.clarin.com\/deportes\/argelia-rival-argentina-mundial-2026-malaria-inesperada-lesionaron-arqueros-suplentes-va-retirado_0_rV5o74jgP0.html\" target=\"_blank\" class=\"feedzy-rss-link-icon\">Read More<\/a><\/p>","protected":false},"excerpt":{"rendered":"<p>Anthony Mandrea y Melvin Mastel deben someterse a sendas operaciones en los africanos, que debutar\u00e1n&#8230;<\/p>\n","protected":false},"author":1,"featured_media":0,"comment_status":"open","ping_status":"open","sticky":false,"template":"","format":"standard","meta":{"footnotes":""},"categories":[6],"tags":[],"class_list":["post-61227","post","type-post","status-publish","format-standard","has-post-thumbnail","hentry","category-deportes"],"_links":{"self":[{"href":"https:\/\/masquenoticiastucuman.com.ar\/index.php?rest_route=\/wp\/v2\/posts\/61227","targetHints":{"allow":["GET"]}}],"collection":[{"href":"https:\/\/masquenoticiastucuman.com.ar\/index.php?rest_route=\/wp\/v2\/posts"}],"about":[{"href":"https:\/\/masquenoticiastucuman.com.ar\/index.php?rest_route=\/wp\/v2\/types\/post"}],"author":[{"embeddable":true,"href":"https:\/\/masquenoticiastucuman.com.ar\/index.php?rest_route=\/wp\/v2\/users\/1"}],"replies":[{"embeddable":true,"href":"https:\/\/masquenoticiastucuman.com.ar\/index.php?rest_route=%2Fwp%2Fv2%2Fcomments&post=61227"}],"version-history":[{"count":0,"href":"https:\/\/masquenoticiastucuman.com.ar\/index.php?rest_route=\/wp\/v2\/posts\/61227\/revisions"}],"wp:attachment":[{"href":"https:\/\/masquenoticiastucuman.com.ar\/index.php?rest_route=%2Fwp%2Fv2%2Fmedia&parent=61227"}],"wp:term":[{"taxonomy":"category","embeddable":true,"href":"https:\/\/masquenoticiastucuman.com.ar\/index.php?rest_route=%2Fwp%2Fv2%2Fcategories&post=61227"},{"taxonomy":"post_tag","embeddable":true,"href":"https:\/\/masquenoticiastucuman.com.ar\/index.php?rest_route=%2Fwp%2Fv2%2Ftags&post=61227"}],"curies":[{"name":"wp","href":"https:\/\/api.w.org\/{rel}","templated":true}]}}