{"id":61228,"date":"2026-04-24T09:34:51","date_gmt":"2026-04-24T12:34:51","guid":{"rendered":"http:\/\/masquenoticiastucuman.com.ar\/?p=61228"},"modified":"2026-04-24T09:34:51","modified_gmt":"2026-04-24T12:34:51","slug":"estiman-que-se-sembrara-casi-un-20-menos-de-trigo-en-la-zona-nucleo","status":"publish","type":"post","link":"https:\/\/masquenoticiastucuman.com.ar\/?p=61228","title":{"rendered":"Estiman que se sembrar\u00e1 casi un 20% menos de trigo en la zona n\u00facleo"},"content":{"rendered":"<ul>\n<li>Son proyecciones de la Bolsa de Comercio de Rosario (BCR). En total, ser\u00edan unas 300.000 hect\u00e1reas menos.<\/li>\n<li>La suba del precio de los fertilizantes, el factor central que retraer\u00eda la intenci\u00f3n de implantaci\u00f3n para la pr\u00f3xima campa\u00f1a.<\/li>\n<\/ul>\n<p>\u200bSon proyecciones de la Bolsa de Comercio de Rosario (BCR). En total, ser\u00edan unas 300.000 hect\u00e1reas menos.La suba del precio de los fertilizantes, el factor central que retraer\u00eda la intenci\u00f3n de implantaci\u00f3n para la pr\u00f3xima campa\u00f1a.\u00a0<a href=\"https:\/\/www.clarin.com\/rural\/estiman-sembrara-20-trigo-zona-nucleo_0_3hBTeicQQT.html\" target=\"_blank\" class=\"feedzy-rss-link-icon\">Read More<\/a><\/p>","protected":false},"excerpt":{"rendered":"<p>Son proyecciones de la Bolsa de Comercio de Rosario (BCR). En total, ser\u00edan unas 300.000&#8230;<\/p>\n","protected":false},"author":1,"featured_media":0,"comment_status":"open","ping_status":"open","sticky":false,"template":"","format":"standard","meta":{"footnotes":""},"categories":[3],"tags":[],"class_list":["post-61228","post","type-post","status-publish","format-standard","has-post-thumbnail","hentry","category-nacionales"],"_links":{"self":[{"href":"https:\/\/masquenoticiastucuman.com.ar\/index.php?rest_route=\/wp\/v2\/posts\/61228","targetHints":{"allow":["GET"]}}],"collection":[{"href":"https:\/\/masquenoticiastucuman.com.ar\/index.php?rest_route=\/wp\/v2\/posts"}],"about":[{"href":"https:\/\/masquenoticiastucuman.com.ar\/index.php?rest_route=\/wp\/v2\/types\/post"}],"author":[{"embeddable":true,"href":"https:\/\/masquenoticiastucuman.com.ar\/index.php?rest_route=\/wp\/v2\/users\/1"}],"replies":[{"embeddable":true,"href":"https:\/\/masquenoticiastucuman.com.ar\/index.php?rest_route=%2Fwp%2Fv2%2Fcomments&post=61228"}],"version-history":[{"count":0,"href":"https:\/\/masquenoticiastucuman.com.ar\/index.php?rest_route=\/wp\/v2\/posts\/61228\/revisions"}],"wp:attachment":[{"href":"https:\/\/masquenoticiastucuman.com.ar\/index.php?rest_route=%2Fwp%2Fv2%2Fmedia&parent=61228"}],"wp:term":[{"taxonomy":"category","embeddable":true,"href":"https:\/\/masquenoticiastucuman.com.ar\/index.php?rest_route=%2Fwp%2Fv2%2Fcategories&post=61228"},{"taxonomy":"post_tag","embeddable":true,"href":"https:\/\/masquenoticiastucuman.com.ar\/index.php?rest_route=%2Fwp%2Fv2%2Ftags&post=61228"}],"curies":[{"name":"wp","href":"https:\/\/api.w.org\/{rel}","templated":true}]}}