{"id":61229,"date":"2026-04-24T09:05:23","date_gmt":"2026-04-24T12:05:23","guid":{"rendered":"http:\/\/masquenoticiastucuman.com.ar\/?p=61229"},"modified":"2026-04-24T09:05:23","modified_gmt":"2026-04-24T12:05:23","slug":"con-sueldos-planchados-las-coberturas-de-salud-son-el-gancho-que-ofrecen-las-empresas-para-atraer-talento","status":"publish","type":"post","link":"https:\/\/masquenoticiastucuman.com.ar\/?p=61229","title":{"rendered":"Con sueldos planchados, las coberturas de salud son el gancho que ofrecen las empresas para atraer talento"},"content":{"rendered":"<ul>\n<li>En 2026 crece la brecha entre los salarios que los profesionales demandan y lo que las compa\u00f1\u00edas est\u00e1n dispuestas a pagar.<\/li>\n<li>Los candidatos piden esquemas de trabajo flexibles.<\/li>\n<\/ul>\n<p>\u200bEn 2026 crece la brecha entre los salarios que los profesionales demandan y lo que las compa\u00f1\u00edas est\u00e1n dispuestas a pagar.Los candidatos piden esquemas de trabajo flexibles.\u00a0<a href=\"https:\/\/www.clarin.com\/economia\/sueldos-planchados-coberturas-salud-gancho-ofrecen-empresas-atraer-talento_0_TCohwwKwNX.html\" target=\"_blank\" class=\"feedzy-rss-link-icon\">Read More<\/a><\/p>","protected":false},"excerpt":{"rendered":"<p>En 2026 crece la brecha entre los salarios que los profesionales demandan y lo que&#8230;<\/p>\n","protected":false},"author":1,"featured_media":0,"comment_status":"open","ping_status":"open","sticky":false,"template":"","format":"standard","meta":{"footnotes":""},"categories":[3],"tags":[],"class_list":["post-61229","post","type-post","status-publish","format-standard","has-post-thumbnail","hentry","category-nacionales"],"_links":{"self":[{"href":"https:\/\/masquenoticiastucuman.com.ar\/index.php?rest_route=\/wp\/v2\/posts\/61229","targetHints":{"allow":["GET"]}}],"collection":[{"href":"https:\/\/masquenoticiastucuman.com.ar\/index.php?rest_route=\/wp\/v2\/posts"}],"about":[{"href":"https:\/\/masquenoticiastucuman.com.ar\/index.php?rest_route=\/wp\/v2\/types\/post"}],"author":[{"embeddable":true,"href":"https:\/\/masquenoticiastucuman.com.ar\/index.php?rest_route=\/wp\/v2\/users\/1"}],"replies":[{"embeddable":true,"href":"https:\/\/masquenoticiastucuman.com.ar\/index.php?rest_route=%2Fwp%2Fv2%2Fcomments&post=61229"}],"version-history":[{"count":0,"href":"https:\/\/masquenoticiastucuman.com.ar\/index.php?rest_route=\/wp\/v2\/posts\/61229\/revisions"}],"wp:attachment":[{"href":"https:\/\/masquenoticiastucuman.com.ar\/index.php?rest_route=%2Fwp%2Fv2%2Fmedia&parent=61229"}],"wp:term":[{"taxonomy":"category","embeddable":true,"href":"https:\/\/masquenoticiastucuman.com.ar\/index.php?rest_route=%2Fwp%2Fv2%2Fcategories&post=61229"},{"taxonomy":"post_tag","embeddable":true,"href":"https:\/\/masquenoticiastucuman.com.ar\/index.php?rest_route=%2Fwp%2Fv2%2Ftags&post=61229"}],"curies":[{"name":"wp","href":"https:\/\/api.w.org\/{rel}","templated":true}]}}