{"id":61230,"date":"2026-04-24T10:03:01","date_gmt":"2026-04-24T13:03:01","guid":{"rendered":"http:\/\/masquenoticiastucuman.com.ar\/?p=61230"},"modified":"2026-04-24T10:03:01","modified_gmt":"2026-04-24T13:03:01","slug":"donald-trump-anuncia-una-prorroga-de-la-tregua-entre-israel-y-el-libano-pero-no-hay-avances-sobre-iran","status":"publish","type":"post","link":"https:\/\/masquenoticiastucuman.com.ar\/?p=61230","title":{"rendered":"Donald Trump anuncia una pr\u00f3rroga de la tregua entre Israel y el L\u00edbano, pero no hay avances sobre Ir\u00e1n"},"content":{"rendered":"<ul>\n<li>El presidente de Estados Unidos dijo que el alto el fuego entre las fuerzas israel\u00edes y Hezbollah se extendi\u00f3 por tres semanas.<\/li>\n<li>Pero este viernes hubo nuevos combates que dejaron dos muertos en L\u00edbano.<\/li>\n<li>El jefe de la Casa Blanca dijo adem\u00e1s que no tiene apuro para alcanzar un acuerdo con Teher\u00e1n.<\/li>\n<\/ul>\n<p>\u200bEl presidente de Estados Unidos dijo que el alto el fuego entre las fuerzas israel\u00edes y Hezbollah se extendi\u00f3 por tres semanas.Pero este viernes hubo nuevos combates que dejaron dos muertos en L\u00edbano.El jefe de la Casa Blanca dijo adem\u00e1s que no tiene apuro para alcanzar un acuerdo con Teher\u00e1n.\u00a0<a href=\"https:\/\/www.clarin.com\/mundo\/donald-trump-anuncia-prorroga-tregua-israel-libano-avances-iran_0_1C17jw4z7i.html\" target=\"_blank\" class=\"feedzy-rss-link-icon\">Read More<\/a><\/p>","protected":false},"excerpt":{"rendered":"<p>El presidente de Estados Unidos dijo que el alto el fuego entre las fuerzas israel\u00edes&#8230;<\/p>\n","protected":false},"author":1,"featured_media":61231,"comment_status":"open","ping_status":"open","sticky":false,"template":"","format":"standard","meta":{"footnotes":""},"categories":[4],"tags":[],"class_list":["post-61230","post","type-post","status-publish","format-standard","has-post-thumbnail","hentry","category-internacionales"],"_links":{"self":[{"href":"https:\/\/masquenoticiastucuman.com.ar\/index.php?rest_route=\/wp\/v2\/posts\/61230","targetHints":{"allow":["GET"]}}],"collection":[{"href":"https:\/\/masquenoticiastucuman.com.ar\/index.php?rest_route=\/wp\/v2\/posts"}],"about":[{"href":"https:\/\/masquenoticiastucuman.com.ar\/index.php?rest_route=\/wp\/v2\/types\/post"}],"author":[{"embeddable":true,"href":"https:\/\/masquenoticiastucuman.com.ar\/index.php?rest_route=\/wp\/v2\/users\/1"}],"replies":[{"embeddable":true,"href":"https:\/\/masquenoticiastucuman.com.ar\/index.php?rest_route=%2Fwp%2Fv2%2Fcomments&post=61230"}],"version-history":[{"count":0,"href":"https:\/\/masquenoticiastucuman.com.ar\/index.php?rest_route=\/wp\/v2\/posts\/61230\/revisions"}],"wp:featuredmedia":[{"embeddable":true,"href":"https:\/\/masquenoticiastucuman.com.ar\/index.php?rest_route=\/wp\/v2\/media\/61231"}],"wp:attachment":[{"href":"https:\/\/masquenoticiastucuman.com.ar\/index.php?rest_route=%2Fwp%2Fv2%2Fmedia&parent=61230"}],"wp:term":[{"taxonomy":"category","embeddable":true,"href":"https:\/\/masquenoticiastucuman.com.ar\/index.php?rest_route=%2Fwp%2Fv2%2Fcategories&post=61230"},{"taxonomy":"post_tag","embeddable":true,"href":"https:\/\/masquenoticiastucuman.com.ar\/index.php?rest_route=%2Fwp%2Fv2%2Ftags&post=61230"}],"curies":[{"name":"wp","href":"https:\/\/api.w.org\/{rel}","templated":true}]}}