{"id":61235,"date":"2026-04-24T10:16:27","date_gmt":"2026-04-24T13:16:27","guid":{"rendered":"http:\/\/masquenoticiastucuman.com.ar\/?p=61235"},"modified":"2026-04-24T10:16:27","modified_gmt":"2026-04-24T13:16:27","slug":"fuerte-sancion-a-gianluca-prestianni-tras-el-escandalo-con-vinicius-la-uefa-le-dio-seis-partidos-por-insultos-homofobicos","status":"publish","type":"post","link":"https:\/\/masquenoticiastucuman.com.ar\/?p=61235","title":{"rendered":"Fuerte sanci\u00f3n a Gianluca Prestianni tras el esc\u00e1ndalo con Vinicius: la UEFA le dio seis partidos por insultos homof\u00f3bicos"},"content":{"rendered":"<ul>\n<li>Fue tras el cruce con Real Madrid por Champions League, a mediados de abril.<\/li>\n<li>Con este fallo, el ente europeo descarta el supuesto &#8220;mono&#8221; que acus\u00f3 el brasile\u00f1o.<\/li>\n<li>En su descargo, el delantero argentino reconoci\u00f3 haberlo llamado &#8220;puto&#8221;.<\/li>\n<\/ul>\n<p>\u200bFue tras el cruce con Real Madrid por Champions League, a mediados de abril.Con este fallo, el ente europeo descarta el supuesto &#8220;mono&#8221; que acus\u00f3 el brasile\u00f1o.En su descargo, el delantero argentino reconoci\u00f3 haberlo llamado &#8220;puto&#8221;.\u00a0<a href=\"https:\/\/www.clarin.com\/deportes\/fuerte-sancion-gianluca-prestianni-escandalo-vinicius-uefa-dio-partidos-insultos-homofobicos_0_zndkMwb4tX.html\" target=\"_blank\" class=\"feedzy-rss-link-icon\">Read More<\/a><\/p>","protected":false},"excerpt":{"rendered":"<p>Fue tras el cruce con Real Madrid por Champions League, a mediados de abril. Con&#8230;<\/p>\n","protected":false},"author":1,"featured_media":0,"comment_status":"open","ping_status":"open","sticky":false,"template":"","format":"standard","meta":{"footnotes":""},"categories":[6],"tags":[],"class_list":["post-61235","post","type-post","status-publish","format-standard","has-post-thumbnail","hentry","category-deportes"],"_links":{"self":[{"href":"https:\/\/masquenoticiastucuman.com.ar\/index.php?rest_route=\/wp\/v2\/posts\/61235","targetHints":{"allow":["GET"]}}],"collection":[{"href":"https:\/\/masquenoticiastucuman.com.ar\/index.php?rest_route=\/wp\/v2\/posts"}],"about":[{"href":"https:\/\/masquenoticiastucuman.com.ar\/index.php?rest_route=\/wp\/v2\/types\/post"}],"author":[{"embeddable":true,"href":"https:\/\/masquenoticiastucuman.com.ar\/index.php?rest_route=\/wp\/v2\/users\/1"}],"replies":[{"embeddable":true,"href":"https:\/\/masquenoticiastucuman.com.ar\/index.php?rest_route=%2Fwp%2Fv2%2Fcomments&post=61235"}],"version-history":[{"count":0,"href":"https:\/\/masquenoticiastucuman.com.ar\/index.php?rest_route=\/wp\/v2\/posts\/61235\/revisions"}],"wp:attachment":[{"href":"https:\/\/masquenoticiastucuman.com.ar\/index.php?rest_route=%2Fwp%2Fv2%2Fmedia&parent=61235"}],"wp:term":[{"taxonomy":"category","embeddable":true,"href":"https:\/\/masquenoticiastucuman.com.ar\/index.php?rest_route=%2Fwp%2Fv2%2Fcategories&post=61235"},{"taxonomy":"post_tag","embeddable":true,"href":"https:\/\/masquenoticiastucuman.com.ar\/index.php?rest_route=%2Fwp%2Fv2%2Ftags&post=61235"}],"curies":[{"name":"wp","href":"https:\/\/api.w.org\/{rel}","templated":true}]}}