{"id":61236,"date":"2026-04-24T11:36:37","date_gmt":"2026-04-24T14:36:37","guid":{"rendered":"https:\/\/masquenoticiastucuman.com.ar\/?p=61236"},"modified":"2026-04-24T11:36:37","modified_gmt":"2026-04-24T14:36:37","slug":"el-hospital-movil-cierra-exitosamente-su-semana-en-7-de-abril","status":"publish","type":"post","link":"https:\/\/masquenoticiastucuman.com.ar\/?p=61236","title":{"rendered":"El Hospital M\u00f3vil cierra exitosamente su semana en 7 de Abril"},"content":{"rendered":"\n<p>La alternativa, forma parte de las acciones que lleva adelante el Ministerio de Salud P\u00fablica a cargo del doctor Luis Medina Ruiz por pedido del gobernador Osvaldo Jaldo para poder acercar la Salud a la poblaci\u00f3n de cada punto de la Provincia.<\/p>\n\n\n\n<p>En la oportunidad, el doctor&nbsp;<strong>Jorge Luis Robles<\/strong>, m\u00e9dico generalista del tr\u00e1iler de Cl\u00ednica M\u00e9dica, indic\u00f3: \u201cEstuvimos esta semana en 7 de Abril, realizando atenci\u00f3n cl\u00ednica tanto pedi\u00e1trica, como para adultos, y mayores, cubriendo todas las necesidades de la poblaci\u00f3n, articulando con el CAPS de la zona. Contamos con la medicaci\u00f3n y los profesionales de la zona para concretar cualquier tipo de resoluci\u00f3n que se requiera. Como tenemos el tr\u00e1iler de la mujer, realizamos consultas ginecol\u00f3gicas con especialistas. Pudimos resolver sin problemas lo que se nos present\u00f3, incluso realizar derivaciones a centros de complejidad\u201d.<\/p>\n\n\n\n<p>\u201cComo en gran parte de la provincia, las patolog\u00edas m\u00e1s comunes que motivaron la consulta, fueron diabetes e hipertensi\u00f3n ya que son prevalentes y requieren un control. En estos dispositivos, realizamos, por ejemplo, el ajuste de medicaci\u00f3n o correcciones en el esquema de tratamiento. La gente de la zona tiene muy buena predisposici\u00f3n, manifiesta su agradecimiento por la posibilidad de contar con un servicio de salud de estas caracter\u00edsticas muy cerca de su hogar. El Hospital M\u00f3vil, cuenta con herramientas novedosas, como mamograf\u00eda, que viene a completar el servicio que brindan los centros de salud del lugar. Podemos permitirnos darnos m\u00e1s tiempo por paciente, atenderlos m\u00e1s tranquilos, lo que no sucede en el entorno hospitalario\u201d, relat\u00f3.<\/p>\n\n\n\n<p>Por su parte, la doctora&nbsp;<strong>Mar\u00eda Elena Saravia<\/strong>, del tr\u00e1iler de atenci\u00f3n integral de la mujer coment\u00f3: \u201cEstamos en 7 de abril, con una poblaci\u00f3n aproximada de 950 habitantes, brindando prestaciones, bajo los lineamientos del Ministerio de Salud P\u00fablica a cargo del doctor Luis Medina Ruiz, cumpliendo el pedido del gobernador Osvaldo Jaldo. Es un lugar alejado de la capital, donde brindamos la posibilidad de acceder a mamograf\u00edas, papanicolaou, implantes subd\u00e9rmicos y ecograf\u00edas mamarias. Se acercaron muchas mujeres de la localidad, especialmente j\u00f3venes\u201d.<\/p>\n\n\n\n<p>&nbsp;Marcela Valeria Luna, paciente de la zona asegur\u00f3: \u201cEs algo lindo contar con este servicio, porque el pueblo lo necesita realmente. Yo aprovech\u00e9 y me hice una mamograf\u00eda, un papanicolaou, una ecograf\u00eda mamaria, cosas que son necesarias para nosotras las mujeres. Estoy muy agradecida de poder tener acceso a todo esto\u201d.<\/p>\n","protected":false},"excerpt":{"rendered":"<p>La alternativa, forma parte de las acciones que lleva adelante el Ministerio de Salud P\u00fablica&#8230;<\/p>\n","protected":false},"author":2,"featured_media":61237,"comment_status":"open","ping_status":"open","sticky":false,"template":"","format":"standard","meta":{"footnotes":""},"categories":[2],"tags":[],"class_list":["post-61236","post","type-post","status-publish","format-standard","has-post-thumbnail","hentry","category-locales"],"_links":{"self":[{"href":"https:\/\/masquenoticiastucuman.com.ar\/index.php?rest_route=\/wp\/v2\/posts\/61236","targetHints":{"allow":["GET"]}}],"collection":[{"href":"https:\/\/masquenoticiastucuman.com.ar\/index.php?rest_route=\/wp\/v2\/posts"}],"about":[{"href":"https:\/\/masquenoticiastucuman.com.ar\/index.php?rest_route=\/wp\/v2\/types\/post"}],"author":[{"embeddable":true,"href":"https:\/\/masquenoticiastucuman.com.ar\/index.php?rest_route=\/wp\/v2\/users\/2"}],"replies":[{"embeddable":true,"href":"https:\/\/masquenoticiastucuman.com.ar\/index.php?rest_route=%2Fwp%2Fv2%2Fcomments&post=61236"}],"version-history":[{"count":1,"href":"https:\/\/masquenoticiastucuman.com.ar\/index.php?rest_route=\/wp\/v2\/posts\/61236\/revisions"}],"predecessor-version":[{"id":61238,"href":"https:\/\/masquenoticiastucuman.com.ar\/index.php?rest_route=\/wp\/v2\/posts\/61236\/revisions\/61238"}],"wp:featuredmedia":[{"embeddable":true,"href":"https:\/\/masquenoticiastucuman.com.ar\/index.php?rest_route=\/wp\/v2\/media\/61237"}],"wp:attachment":[{"href":"https:\/\/masquenoticiastucuman.com.ar\/index.php?rest_route=%2Fwp%2Fv2%2Fmedia&parent=61236"}],"wp:term":[{"taxonomy":"category","embeddable":true,"href":"https:\/\/masquenoticiastucuman.com.ar\/index.php?rest_route=%2Fwp%2Fv2%2Fcategories&post=61236"},{"taxonomy":"post_tag","embeddable":true,"href":"https:\/\/masquenoticiastucuman.com.ar\/index.php?rest_route=%2Fwp%2Fv2%2Ftags&post=61236"}],"curies":[{"name":"wp","href":"https:\/\/api.w.org\/{rel}","templated":true}]}}