{"id":61239,"date":"2026-04-24T11:40:53","date_gmt":"2026-04-24T14:40:53","guid":{"rendered":"https:\/\/masquenoticiastucuman.com.ar\/?p=61239"},"modified":"2026-04-24T11:40:53","modified_gmt":"2026-04-24T14:40:53","slug":"jaldo-participo-del-73-aniversario-de-la-fet-y-destaco-el-trabajo-conjunto-con-el-sector-privado","status":"publish","type":"post","link":"https:\/\/masquenoticiastucuman.com.ar\/?p=61239","title":{"rendered":"Jaldo particip\u00f3 del 73\u00b0 aniversario de la FET y destac\u00f3 el trabajo conjunto con el sector privado"},"content":{"rendered":"\n<p>El Gobernador remarc\u00f3 el rol de la actividad privada en la generaci\u00f3n de empleo y sostuvo que, en un contexto complejo, es clave fortalecer la articulaci\u00f3n con el Estado.<\/p>\n\n\n\n<p id=\"isPasted\">El gobernador,&nbsp;<strong>Osvaldo Jaldo<\/strong>, particip\u00f3 este jueves por la noche del acto oficial por el 73\u00b0 aniversario de la Federaci\u00f3n Econ\u00f3mica de Tucum\u00e1n, donde destac\u00f3 la importancia del trabajo articulado entre el sector p\u00fablico y privado para sostener la actividad econ\u00f3mica en la provincia.<\/p>\n\n\n\n<p>El encuentro fue encabezado por el presidente de la entidad,&nbsp;<strong>H\u00e9ctor Vi\u00f1uales<\/strong>, y cont\u00f3 con la presencia del vicegobernador,&nbsp;<strong>Miguel Acevedo<\/strong>; la ministra de Educaci\u00f3n,&nbsp;<strong>Susana Montaldo<\/strong>; el secretario de Salud,&nbsp;<strong>Marcelo Montoya<\/strong>; el presidente del Ente Tucum\u00e1n Turismo,&nbsp;<strong>Domingo Amaya<\/strong>, junto a la vicepresidenta del organismo,&nbsp;<strong>In\u00e9s Fr\u00edas Silva<\/strong>; el presidente de la C\u00e1mara de la Construcci\u00f3n,&nbsp;<strong>Jorge Garber<\/strong>; el vicepresidente del IDEP,&nbsp;<strong>Juan Casa\u00f1as<\/strong>; el rector de la Universidad Nacional de Tucum\u00e1n,&nbsp;<strong>Sergio Pagani<\/strong>; y el presidente de la C\u00e1mara Argentina de la Mediana Empresa,&nbsp;<strong>Ricardo Diab<\/strong>, entre otros referentes del sector p\u00fablico y privado.<\/p>\n\n\n\n<p>Durante la ceremonia se realiz\u00f3 adem\u00e1s el descubrimiento de una placa en reconocimiento al ex presidente de la instituci\u00f3n,&nbsp;<strong>Eduardo El Eter,<\/strong>&nbsp;quien condujo la entidad durante ocho per\u00edodos.<\/p>\n\n\n\n<figure class=\"wp-block-image size-large\"><img loading=\"lazy\" decoding=\"async\" width=\"1024\" height=\"682\" src=\"https:\/\/masquenoticiastucuman.com.ar\/wp-content\/uploads\/2026\/04\/260423221604_74318-1024x682.jpeg\" alt=\"\" class=\"wp-image-61240\" srcset=\"https:\/\/masquenoticiastucuman.com.ar\/wp-content\/uploads\/2026\/04\/260423221604_74318-1024x682.jpeg 1024w, https:\/\/masquenoticiastucuman.com.ar\/wp-content\/uploads\/2026\/04\/260423221604_74318-300x200.jpeg 300w, https:\/\/masquenoticiastucuman.com.ar\/wp-content\/uploads\/2026\/04\/260423221604_74318-768x512.jpeg 768w, https:\/\/masquenoticiastucuman.com.ar\/wp-content\/uploads\/2026\/04\/260423221604_74318.jpeg 1280w\" sizes=\"auto, (max-width: 1024px) 100vw, 1024px\" \/><\/figure>\n\n\n\n<p>En su discurso, Jaldo valor\u00f3 la trayectoria de la FET y su representaci\u00f3n de casi 50 c\u00e1maras que nuclean a los sectores productivos, industriales, comerciales y de servicios. \u201cSon 73 a\u00f1os que no pasaron en vano. Esta instituci\u00f3n ha sabido sostenerse en contextos econ\u00f3micos cambiantes y seguir acompa\u00f1ando a la actividad privada\u201d, expres\u00f3.<\/p>\n\n\n\n<p>El mandatario puso el foco en el contexto actual, tanto a nivel nacional como internacional, y sostuvo que \u201cm\u00e1s que nunca el Estado tiene que trabajar de manera conjunta con el sector privado\u201d. En ese sentido, remarc\u00f3: \u201cLa actividad privada es la que genera puestos genuinos de trabajo y recursos que dinamizan la econom\u00eda\u201d.<\/p>\n\n\n\n<p>Asimismo, defendi\u00f3 el rol del Estado en \u00e1reas esenciales como salud, educaci\u00f3n y seguridad, especialmente en un escenario econ\u00f3mico complejo, y convoc\u00f3 a priorizar el bienestar de la provincia por encima de las diferencias pol\u00edticas. \u201cPrimero est\u00e1 Tucum\u00e1n y su gente\u201d, afirm\u00f3.<\/p>\n\n\n\n<figure class=\"wp-block-image size-large\"><img loading=\"lazy\" decoding=\"async\" width=\"1024\" height=\"682\" src=\"https:\/\/masquenoticiastucuman.com.ar\/wp-content\/uploads\/2026\/04\/260423221634_42171-1024x682.jpeg\" alt=\"\" class=\"wp-image-61241\" srcset=\"https:\/\/masquenoticiastucuman.com.ar\/wp-content\/uploads\/2026\/04\/260423221634_42171-1024x682.jpeg 1024w, https:\/\/masquenoticiastucuman.com.ar\/wp-content\/uploads\/2026\/04\/260423221634_42171-300x200.jpeg 300w, https:\/\/masquenoticiastucuman.com.ar\/wp-content\/uploads\/2026\/04\/260423221634_42171-768x512.jpeg 768w, https:\/\/masquenoticiastucuman.com.ar\/wp-content\/uploads\/2026\/04\/260423221634_42171.jpeg 1280w\" sizes=\"auto, (max-width: 1024px) 100vw, 1024px\" \/><\/figure>\n\n\n\n<p>En esa l\u00ednea, destac\u00f3 el di\u00e1logo institucional con el Gobierno nacional: \u201cNo podemos quedar al margen de las pol\u00edticas nacionales\u201d, se\u00f1al\u00f3, y llam\u00f3 a fortalecer la unidad entre los distintos sectores: \u201cTenemos que estar m\u00e1s juntos que nunca, porque los hombres pasan, pero las instituciones quedan\u201d.<\/p>\n\n\n\n<p>A su turno, el vicegobernador Miguel Acevedo subray\u00f3 la importancia de la entidad para la provincia. \u201cLa Federaci\u00f3n Econ\u00f3mica de Tucum\u00e1n tiene la particularidad de nuclear a todos los sectores de la actividad econ\u00f3mica, lo que la convierte en una instituci\u00f3n clave\u201d, indic\u00f3.<\/p>\n\n\n\n<p>Adem\u00e1s, destac\u00f3 el compromiso de la Legislatura en sostener el di\u00e1logo con el sector privado. \u201cSon momentos dif\u00edciles, pero si trabajamos de manera conjunta, Tucum\u00e1n va a salir adelante como lo hizo siempre\u201d, afirm\u00f3.<\/p>\n\n\n\n<p>Por su parte, H\u00e9ctor Vi\u00f1uales remarc\u00f3 el proceso de adaptaci\u00f3n de la entidad frente a los cambios econ\u00f3micos y tecnol\u00f3gicos, y destac\u00f3 la incorporaci\u00f3n de nuevos sectores vinculados a la econom\u00eda del conocimiento. Tambi\u00e9n valor\u00f3 el v\u00ednculo con el Gobierno provincial: \u201cTenemos en claro que el trabajo debe ser conjunto. No hay otra manera de afrontar los desaf\u00edos actuales\u201d, sostuvo.<\/p>\n\n\n\n<p>En tanto, Ricardo Diab destac\u00f3 el rol de la federaci\u00f3n a nivel nacional. \u201cLa FET no es una entidad m\u00e1s, Tucum\u00e1n sobresale dentro de la dirigencia empresaria del pa\u00eds\u201d, afirm\u00f3, y resalt\u00f3 el aporte de la instituci\u00f3n en la representaci\u00f3n de las peque\u00f1as y medianas empresas.<\/p>\n\n\n\n<p>Finalmente, Eduardo El Eter expres\u00f3 su emoci\u00f3n por el reconocimiento recibido. \u201cEs una instituci\u00f3n a la que le dediqu\u00e9 gran parte de mi vida. Este homenaje es una gran alegr\u00eda y un orgullo\u201d, concluy\u00f3.<\/p>\n","protected":false},"excerpt":{"rendered":"<p>El Gobernador remarc\u00f3 el rol de la actividad privada en la generaci\u00f3n de empleo y&#8230;<\/p>\n","protected":false},"author":2,"featured_media":61242,"comment_status":"open","ping_status":"open","sticky":false,"template":"","format":"standard","meta":{"footnotes":""},"categories":[2],"tags":[],"class_list":["post-61239","post","type-post","status-publish","format-standard","has-post-thumbnail","hentry","category-locales"],"_links":{"self":[{"href":"https:\/\/masquenoticiastucuman.com.ar\/index.php?rest_route=\/wp\/v2\/posts\/61239","targetHints":{"allow":["GET"]}}],"collection":[{"href":"https:\/\/masquenoticiastucuman.com.ar\/index.php?rest_route=\/wp\/v2\/posts"}],"about":[{"href":"https:\/\/masquenoticiastucuman.com.ar\/index.php?rest_route=\/wp\/v2\/types\/post"}],"author":[{"embeddable":true,"href":"https:\/\/masquenoticiastucuman.com.ar\/index.php?rest_route=\/wp\/v2\/users\/2"}],"replies":[{"embeddable":true,"href":"https:\/\/masquenoticiastucuman.com.ar\/index.php?rest_route=%2Fwp%2Fv2%2Fcomments&post=61239"}],"version-history":[{"count":1,"href":"https:\/\/masquenoticiastucuman.com.ar\/index.php?rest_route=\/wp\/v2\/posts\/61239\/revisions"}],"predecessor-version":[{"id":61243,"href":"https:\/\/masquenoticiastucuman.com.ar\/index.php?rest_route=\/wp\/v2\/posts\/61239\/revisions\/61243"}],"wp:featuredmedia":[{"embeddable":true,"href":"https:\/\/masquenoticiastucuman.com.ar\/index.php?rest_route=\/wp\/v2\/media\/61242"}],"wp:attachment":[{"href":"https:\/\/masquenoticiastucuman.com.ar\/index.php?rest_route=%2Fwp%2Fv2%2Fmedia&parent=61239"}],"wp:term":[{"taxonomy":"category","embeddable":true,"href":"https:\/\/masquenoticiastucuman.com.ar\/index.php?rest_route=%2Fwp%2Fv2%2Fcategories&post=61239"},{"taxonomy":"post_tag","embeddable":true,"href":"https:\/\/masquenoticiastucuman.com.ar\/index.php?rest_route=%2Fwp%2Fv2%2Ftags&post=61239"}],"curies":[{"name":"wp","href":"https:\/\/api.w.org\/{rel}","templated":true}]}}