{"id":61244,"date":"2026-04-24T12:48:09","date_gmt":"2026-04-24T15:48:09","guid":{"rendered":"https:\/\/masquenoticiastucuman.com.ar\/?p=61244"},"modified":"2026-04-24T12:48:09","modified_gmt":"2026-04-24T15:48:09","slug":"el-cierre-del-acceso-a-periodistas-en-la-casa-rosada-no-cabe-en-un-sistema-democratico","status":"publish","type":"post","link":"https:\/\/masquenoticiastucuman.com.ar\/?p=61244","title":{"rendered":"\u201cEl cierre del acceso a periodistas en la Casa Rosada no cabe en un sistema democr\u00e1tico\u201d"},"content":{"rendered":"\n<p>El mandatario provincial defendi\u00f3 la libertad de prensa, destac\u00f3 la forma de comunicaci\u00f3n adoptada en Tucum\u00e1n y el valor de las conferencias de prensa como herramienta institucional.<\/p>\n\n\n\n<p>El gobernador&nbsp;<strong>Osvaldo Jaldo<\/strong>&nbsp;se refiri\u00f3 a la decisi\u00f3n del Gobierno nacional de impedir el ingreso de periodistas acreditados a la Casa Rosada. La medida, adoptada en el marco de una disposici\u00f3n preventiva por presunto espionaje ilegal, implic\u00f3 el cierre transitorio de la sala de prensa y la baja de acreditaciones vigentes durante 2025.<\/p>\n\n\n\n<p>La decisi\u00f3n del Ejecutivo nacional se bas\u00f3 en una supuesta operaci\u00f3n de inteligencia extranjera que habr\u00eda incluido la publicaci\u00f3n de notas period\u00edsticas para desacreditar la gesti\u00f3n del presidente&nbsp;<strong>Javier Milei<\/strong>&nbsp;durante 2024. En ese contexto, el Gobierno consider\u00f3 que la situaci\u00f3n pod\u00eda constituir un tema de seguridad nacional y anul\u00f3 la pr\u00f3rroga de credenciales extendidas mientras se desarrollaba un nuevo empadronamiento.<\/p>\n\n\n\n<p>Al analizar el impacto institucional de la medida, Jaldo destac\u00f3 el rol central de la prensa en el sistema democr\u00e1tico. En ese sentido, afirm\u00f3: \u201cNo tengo ninguna duda de que la libertad de expresi\u00f3n, la libertad de prensa, es la esencia b\u00e1sica del sistema democr\u00e1tico y republicano de la Rep\u00fablica Argentina.&nbsp;<strong>Y sostengo esto porque desde el a\u00f1o 1983, que volvi\u00f3 la democracia, nunca ocurri\u00f3 un hecho de estas caracter\u00edsticas\u201d.<\/strong><\/p>\n\n\n\n<p>El gobernador tambi\u00e9n explic\u00f3 la pol\u00edtica de comunicaci\u00f3n adoptada en Tucum\u00e1n y el valor de las conferencias de prensa como herramienta institucional:&nbsp;<strong>\u201cNosotros hemos implementado las conferencias de prensa por la necesidad de informar que tenemos como gobierno. Luego, la necesidad que ustedes de que tengan la versi\u00f3n oficial de lo que se hace o se deja de hacer en un gobierno\u201d.<\/strong><\/p>\n\n\n\n<p>En esa l\u00ednea, subray\u00f3 el rol del intercambio con la prensa y la necesidad de garantizar informaci\u00f3n p\u00fablica confiable. Sostuvo: \u201cUstedes tienen la posibilidad de preguntar y repreguntar sobre el tema que nosotros exponemos o sobre el tema que ustedes creen conveniente. Hoy, m\u00e1s que nunca, debemos tener una comunidad informada, si es posible, con informaci\u00f3n oficial\u201d.<\/p>\n\n\n\n<p>El mandatario advirti\u00f3 sobre los riesgos de la desinformaci\u00f3n y la relevancia de la comunicaci\u00f3n institucional. \u201cSi no es informaci\u00f3n oficial, se desvirt\u00faa en el camino y corremos el riesgo de equivocar a la sociedad. La noticia debe ser veraz, cierta y real\u201d, indic\u00f3.&nbsp;<\/p>\n\n\n\n<p>Finalmente, Jaldo expres\u00f3 su solidaridad con los trabajadores de prensa y los medios de comunicaci\u00f3n. Manifest\u00f3:&nbsp;<strong>\u201cEse cierre del acceso a los periodistas en la Casa Rosada no cabe en un sistema democr\u00e1tico.&nbsp;<\/strong>Vaya nuestra solidaridad a los periodistas y a los medios que hoy hacen un gran esfuerzo para mantenerse en el aire\u201d.<\/p>\n","protected":false},"excerpt":{"rendered":"<p>El mandatario provincial defendi\u00f3 la libertad de prensa, destac\u00f3 la forma de comunicaci\u00f3n adoptada en&#8230;<\/p>\n","protected":false},"author":2,"featured_media":61245,"comment_status":"open","ping_status":"open","sticky":false,"template":"","format":"standard","meta":{"footnotes":""},"categories":[2],"tags":[],"class_list":["post-61244","post","type-post","status-publish","format-standard","has-post-thumbnail","hentry","category-locales"],"_links":{"self":[{"href":"https:\/\/masquenoticiastucuman.com.ar\/index.php?rest_route=\/wp\/v2\/posts\/61244","targetHints":{"allow":["GET"]}}],"collection":[{"href":"https:\/\/masquenoticiastucuman.com.ar\/index.php?rest_route=\/wp\/v2\/posts"}],"about":[{"href":"https:\/\/masquenoticiastucuman.com.ar\/index.php?rest_route=\/wp\/v2\/types\/post"}],"author":[{"embeddable":true,"href":"https:\/\/masquenoticiastucuman.com.ar\/index.php?rest_route=\/wp\/v2\/users\/2"}],"replies":[{"embeddable":true,"href":"https:\/\/masquenoticiastucuman.com.ar\/index.php?rest_route=%2Fwp%2Fv2%2Fcomments&post=61244"}],"version-history":[{"count":1,"href":"https:\/\/masquenoticiastucuman.com.ar\/index.php?rest_route=\/wp\/v2\/posts\/61244\/revisions"}],"predecessor-version":[{"id":61246,"href":"https:\/\/masquenoticiastucuman.com.ar\/index.php?rest_route=\/wp\/v2\/posts\/61244\/revisions\/61246"}],"wp:featuredmedia":[{"embeddable":true,"href":"https:\/\/masquenoticiastucuman.com.ar\/index.php?rest_route=\/wp\/v2\/media\/61245"}],"wp:attachment":[{"href":"https:\/\/masquenoticiastucuman.com.ar\/index.php?rest_route=%2Fwp%2Fv2%2Fmedia&parent=61244"}],"wp:term":[{"taxonomy":"category","embeddable":true,"href":"https:\/\/masquenoticiastucuman.com.ar\/index.php?rest_route=%2Fwp%2Fv2%2Fcategories&post=61244"},{"taxonomy":"post_tag","embeddable":true,"href":"https:\/\/masquenoticiastucuman.com.ar\/index.php?rest_route=%2Fwp%2Fv2%2Ftags&post=61244"}],"curies":[{"name":"wp","href":"https:\/\/api.w.org\/{rel}","templated":true}]}}