{"id":61247,"date":"2026-04-24T12:03:32","date_gmt":"2026-04-24T15:03:32","guid":{"rendered":"http:\/\/masquenoticiastucuman.com.ar\/?p=61247"},"modified":"2026-04-24T12:03:32","modified_gmt":"2026-04-24T15:03:32","slug":"mas-revelaciones-sobre-jeffrey-epstein-afirman-que-alojo-en-cuatro-departamentos-de-londres-a-mujeres-que-luego-lo-acusaron-de-abusos","status":"publish","type":"post","link":"https:\/\/masquenoticiastucuman.com.ar\/?p=61247","title":{"rendered":"M\u00e1s revelaciones sobre Jeffrey Epstein: afirman que aloj\u00f3 en cuatro departamentos de Londres a mujeres que luego lo acusaron de abusos"},"content":{"rendered":"<ul>\n<li>Lo afirm\u00f3 la cadena BBC, que analiz\u00f3 miles de p\u00e1ginas de los archivos sobre el magnate ped\u00f3filo estadounidense.<\/li>\n<li>Las investigaciones muestran que habr\u00eda m\u00e1s v\u00edctimas de lo que se pensaba hasta ahora.<\/li>\n<\/ul>\n<p>\u200bLo afirm\u00f3 la cadena BBC, que analiz\u00f3 miles de p\u00e1ginas de los archivos sobre el magnate ped\u00f3filo estadounidense.Las investigaciones muestran que habr\u00eda m\u00e1s v\u00edctimas de lo que se pensaba hasta ahora.\u00a0<a href=\"https:\/\/www.clarin.com\/mundo\/revelaciones-jeffrey-epstein-afirman-alojo-departamentos-londres-mujeres-luego-acusaron-abusos_0_8ZQHwcGUTF.html\" target=\"_blank\" class=\"feedzy-rss-link-icon\">Read More<\/a><\/p>","protected":false},"excerpt":{"rendered":"<p>Lo afirm\u00f3 la cadena BBC, que analiz\u00f3 miles de p\u00e1ginas de los archivos sobre el&#8230;<\/p>\n","protected":false},"author":1,"featured_media":61248,"comment_status":"open","ping_status":"open","sticky":false,"template":"","format":"standard","meta":{"footnotes":""},"categories":[4],"tags":[],"class_list":["post-61247","post","type-post","status-publish","format-standard","has-post-thumbnail","hentry","category-internacionales"],"_links":{"self":[{"href":"https:\/\/masquenoticiastucuman.com.ar\/index.php?rest_route=\/wp\/v2\/posts\/61247","targetHints":{"allow":["GET"]}}],"collection":[{"href":"https:\/\/masquenoticiastucuman.com.ar\/index.php?rest_route=\/wp\/v2\/posts"}],"about":[{"href":"https:\/\/masquenoticiastucuman.com.ar\/index.php?rest_route=\/wp\/v2\/types\/post"}],"author":[{"embeddable":true,"href":"https:\/\/masquenoticiastucuman.com.ar\/index.php?rest_route=\/wp\/v2\/users\/1"}],"replies":[{"embeddable":true,"href":"https:\/\/masquenoticiastucuman.com.ar\/index.php?rest_route=%2Fwp%2Fv2%2Fcomments&post=61247"}],"version-history":[{"count":0,"href":"https:\/\/masquenoticiastucuman.com.ar\/index.php?rest_route=\/wp\/v2\/posts\/61247\/revisions"}],"wp:featuredmedia":[{"embeddable":true,"href":"https:\/\/masquenoticiastucuman.com.ar\/index.php?rest_route=\/wp\/v2\/media\/61248"}],"wp:attachment":[{"href":"https:\/\/masquenoticiastucuman.com.ar\/index.php?rest_route=%2Fwp%2Fv2%2Fmedia&parent=61247"}],"wp:term":[{"taxonomy":"category","embeddable":true,"href":"https:\/\/masquenoticiastucuman.com.ar\/index.php?rest_route=%2Fwp%2Fv2%2Fcategories&post=61247"},{"taxonomy":"post_tag","embeddable":true,"href":"https:\/\/masquenoticiastucuman.com.ar\/index.php?rest_route=%2Fwp%2Fv2%2Ftags&post=61247"}],"curies":[{"name":"wp","href":"https:\/\/api.w.org\/{rel}","templated":true}]}}