{"id":61249,"date":"2026-04-24T10:42:22","date_gmt":"2026-04-24T13:42:22","guid":{"rendered":"http:\/\/masquenoticiastucuman.com.ar\/?p=61249"},"modified":"2026-04-24T10:42:22","modified_gmt":"2026-04-24T13:42:22","slug":"el-pentagono-analizaria-expulsar-a-espana-de-la-otan-como-castigo-por-su-falta-de-apoyo-a-la-guerra-contra-iran","status":"publish","type":"post","link":"https:\/\/masquenoticiastucuman.com.ar\/?p=61249","title":{"rendered":"El Pent\u00e1gono analizar\u00eda expulsar a Espa\u00f1a de la OTAN como castigo por su falta de apoyo a la guerra contra Ir\u00e1n"},"content":{"rendered":"<ul>\n<li>La informaci\u00f3n surge de un mail interno del Ministerio de Defensa de Estados Unidos que se filtr\u00f3 a la prensa.<\/li>\n<li>El presidente Pedro S\u00e1nchez rest\u00f3 importancia a la versi\u00f3n y reiter\u00f3 la postura de su gobierno: &#8220;Colaboraci\u00f3n con los aliados, pero dentro de la legalidad&#8221;.<\/li>\n<\/ul>\n<p>\u200bLa informaci\u00f3n surge de un mail interno del Ministerio de Defensa de Estados Unidos que se filtr\u00f3 a la prensa.El presidente Pedro S\u00e1nchez rest\u00f3 importancia a la versi\u00f3n y reiter\u00f3 la postura de su gobierno: &#8220;Colaboraci\u00f3n con los aliados, pero dentro de la legalidad&#8221;.\u00a0<a href=\"https:\/\/www.clarin.com\/mundo\/pentagono-analizaria-expulsar-espana-otan-castigo-falta-apoyo-guerra-iran_0_XlUqi2iPq8.html\" target=\"_blank\" class=\"feedzy-rss-link-icon\">Read More<\/a><\/p>","protected":false},"excerpt":{"rendered":"<p>La informaci\u00f3n surge de un mail interno del Ministerio de Defensa de Estados Unidos que&#8230;<\/p>\n","protected":false},"author":1,"featured_media":61250,"comment_status":"open","ping_status":"open","sticky":false,"template":"","format":"standard","meta":{"footnotes":""},"categories":[4],"tags":[],"class_list":["post-61249","post","type-post","status-publish","format-standard","has-post-thumbnail","hentry","category-internacionales"],"_links":{"self":[{"href":"https:\/\/masquenoticiastucuman.com.ar\/index.php?rest_route=\/wp\/v2\/posts\/61249","targetHints":{"allow":["GET"]}}],"collection":[{"href":"https:\/\/masquenoticiastucuman.com.ar\/index.php?rest_route=\/wp\/v2\/posts"}],"about":[{"href":"https:\/\/masquenoticiastucuman.com.ar\/index.php?rest_route=\/wp\/v2\/types\/post"}],"author":[{"embeddable":true,"href":"https:\/\/masquenoticiastucuman.com.ar\/index.php?rest_route=\/wp\/v2\/users\/1"}],"replies":[{"embeddable":true,"href":"https:\/\/masquenoticiastucuman.com.ar\/index.php?rest_route=%2Fwp%2Fv2%2Fcomments&post=61249"}],"version-history":[{"count":0,"href":"https:\/\/masquenoticiastucuman.com.ar\/index.php?rest_route=\/wp\/v2\/posts\/61249\/revisions"}],"wp:featuredmedia":[{"embeddable":true,"href":"https:\/\/masquenoticiastucuman.com.ar\/index.php?rest_route=\/wp\/v2\/media\/61250"}],"wp:attachment":[{"href":"https:\/\/masquenoticiastucuman.com.ar\/index.php?rest_route=%2Fwp%2Fv2%2Fmedia&parent=61249"}],"wp:term":[{"taxonomy":"category","embeddable":true,"href":"https:\/\/masquenoticiastucuman.com.ar\/index.php?rest_route=%2Fwp%2Fv2%2Fcategories&post=61249"},{"taxonomy":"post_tag","embeddable":true,"href":"https:\/\/masquenoticiastucuman.com.ar\/index.php?rest_route=%2Fwp%2Fv2%2Ftags&post=61249"}],"curies":[{"name":"wp","href":"https:\/\/api.w.org\/{rel}","templated":true}]}}