{"id":61252,"date":"2026-04-24T11:05:42","date_gmt":"2026-04-24T14:05:42","guid":{"rendered":"http:\/\/masquenoticiastucuman.com.ar\/?p=61252"},"modified":"2026-04-24T11:05:42","modified_gmt":"2026-04-24T14:05:42","slug":"grita-ahora-cagon-marco-trungelliti-hablo-tras-su-cruce-y-los-insultos-con-los-hinchas-espanoles-en-el-masters-1000-de-madrid","status":"publish","type":"post","link":"https:\/\/masquenoticiastucuman.com.ar\/?p=61252","title":{"rendered":"&#8220;\u00a1Grit\u00e1 ahora, cag\u00f3n!&#8221;: Marco Trungelliti habl\u00f3 tras su cruce y los insultos con los hinchas espa\u00f1oles en el Masters 1000 de Madrid"},"content":{"rendered":"<ul>\n<li>El argentino qued\u00f3 eliminado del torneo que se juega en la Caja M\u00e1gica ante el local M\u00e9rida.<\/li>\n<li>En medio de un clima de Copa Davis, sufri\u00f3 la hostilidad del p\u00fablico y se quej\u00f3 con el umpire.<\/li>\n<li>Tras la derrota, se expres\u00f3 en las redes y denunci\u00f3 &#8220;racismo&#8221; de parte de los espectadores.<\/li>\n<\/ul>\n<p>\u200bEl argentino qued\u00f3 eliminado del torneo que se juega en la Caja M\u00e1gica ante el local M\u00e9rida.En medio de un clima de Copa Davis, sufri\u00f3 la hostilidad del p\u00fablico y se quej\u00f3 con el umpire.Tras la derrota, se expres\u00f3 en las redes y denunci\u00f3 &#8220;racismo&#8221; de parte de los espectadores.\u00a0<a href=\"https:\/\/www.clarin.com\/deportes\/grita-ahora-cagon-marco-trungelliti-hablo-cruce-insultos-hinchas-espanoles-masters-1000-madrid_0_AQxLl62OP3.html\" target=\"_blank\" class=\"feedzy-rss-link-icon\">Read More<\/a><\/p>","protected":false},"excerpt":{"rendered":"<p>El argentino qued\u00f3 eliminado del torneo que se juega en la Caja M\u00e1gica ante el&#8230;<\/p>\n","protected":false},"author":1,"featured_media":0,"comment_status":"open","ping_status":"open","sticky":false,"template":"","format":"standard","meta":{"footnotes":""},"categories":[6],"tags":[],"class_list":["post-61252","post","type-post","status-publish","format-standard","has-post-thumbnail","hentry","category-deportes"],"_links":{"self":[{"href":"https:\/\/masquenoticiastucuman.com.ar\/index.php?rest_route=\/wp\/v2\/posts\/61252","targetHints":{"allow":["GET"]}}],"collection":[{"href":"https:\/\/masquenoticiastucuman.com.ar\/index.php?rest_route=\/wp\/v2\/posts"}],"about":[{"href":"https:\/\/masquenoticiastucuman.com.ar\/index.php?rest_route=\/wp\/v2\/types\/post"}],"author":[{"embeddable":true,"href":"https:\/\/masquenoticiastucuman.com.ar\/index.php?rest_route=\/wp\/v2\/users\/1"}],"replies":[{"embeddable":true,"href":"https:\/\/masquenoticiastucuman.com.ar\/index.php?rest_route=%2Fwp%2Fv2%2Fcomments&post=61252"}],"version-history":[{"count":0,"href":"https:\/\/masquenoticiastucuman.com.ar\/index.php?rest_route=\/wp\/v2\/posts\/61252\/revisions"}],"wp:attachment":[{"href":"https:\/\/masquenoticiastucuman.com.ar\/index.php?rest_route=%2Fwp%2Fv2%2Fmedia&parent=61252"}],"wp:term":[{"taxonomy":"category","embeddable":true,"href":"https:\/\/masquenoticiastucuman.com.ar\/index.php?rest_route=%2Fwp%2Fv2%2Fcategories&post=61252"},{"taxonomy":"post_tag","embeddable":true,"href":"https:\/\/masquenoticiastucuman.com.ar\/index.php?rest_route=%2Fwp%2Fv2%2Ftags&post=61252"}],"curies":[{"name":"wp","href":"https:\/\/api.w.org\/{rel}","templated":true}]}}