{"id":61255,"date":"2026-04-24T13:00:39","date_gmt":"2026-04-24T16:00:39","guid":{"rendered":"http:\/\/masquenoticiastucuman.com.ar\/?p=61255"},"modified":"2026-04-24T13:00:39","modified_gmt":"2026-04-24T16:00:39","slug":"hasta-4-millones-de-dolares-por-cruzar-el-canal-de-panama-una-consecuencia-inedita-de-la-guerra-en-oriente-medio","status":"publish","type":"post","link":"https:\/\/masquenoticiastucuman.com.ar\/?p=61255","title":{"rendered":"Hasta 4 millones de d\u00f3lares por cruzar el canal de Panam\u00e1: una consecuencia in\u00e9dita de la guerra en Oriente Medio"},"content":{"rendered":"<ul>\n<li>El cierre del estrat\u00e9gico estrecho de Ormuz, frente a Ir\u00e1n, obliga a las petroleras y otras empresas a buscar otras v\u00edas.<\/li>\n<li>Se disparan los precios para circular a trav\u00e9s del canal que une el oc\u00e9ano Pac\u00edfico con el Atl\u00e1ntico.<\/li>\n<\/ul>\n<p>\u200bEl cierre del estrat\u00e9gico estrecho de Ormuz, frente a Ir\u00e1n, obliga a las petroleras y otras empresas a buscar otras v\u00edas.Se disparan los precios para circular a trav\u00e9s del canal que une el oc\u00e9ano Pac\u00edfico con el Atl\u00e1ntico.\u00a0<a href=\"https:\/\/www.clarin.com\/mundo\/4-millones-dolares-cruzar-canal-panama-consecuencia-inedita-guerra-oriente-medio_0_Djc2x9yYpp.html\" target=\"_blank\" class=\"feedzy-rss-link-icon\">Read More<\/a><\/p>","protected":false},"excerpt":{"rendered":"<p>El cierre del estrat\u00e9gico estrecho de Ormuz, frente a Ir\u00e1n, obliga a las petroleras y&#8230;<\/p>\n","protected":false},"author":1,"featured_media":61256,"comment_status":"open","ping_status":"open","sticky":false,"template":"","format":"standard","meta":{"footnotes":""},"categories":[4],"tags":[],"class_list":["post-61255","post","type-post","status-publish","format-standard","has-post-thumbnail","hentry","category-internacionales"],"_links":{"self":[{"href":"https:\/\/masquenoticiastucuman.com.ar\/index.php?rest_route=\/wp\/v2\/posts\/61255","targetHints":{"allow":["GET"]}}],"collection":[{"href":"https:\/\/masquenoticiastucuman.com.ar\/index.php?rest_route=\/wp\/v2\/posts"}],"about":[{"href":"https:\/\/masquenoticiastucuman.com.ar\/index.php?rest_route=\/wp\/v2\/types\/post"}],"author":[{"embeddable":true,"href":"https:\/\/masquenoticiastucuman.com.ar\/index.php?rest_route=\/wp\/v2\/users\/1"}],"replies":[{"embeddable":true,"href":"https:\/\/masquenoticiastucuman.com.ar\/index.php?rest_route=%2Fwp%2Fv2%2Fcomments&post=61255"}],"version-history":[{"count":0,"href":"https:\/\/masquenoticiastucuman.com.ar\/index.php?rest_route=\/wp\/v2\/posts\/61255\/revisions"}],"wp:featuredmedia":[{"embeddable":true,"href":"https:\/\/masquenoticiastucuman.com.ar\/index.php?rest_route=\/wp\/v2\/media\/61256"}],"wp:attachment":[{"href":"https:\/\/masquenoticiastucuman.com.ar\/index.php?rest_route=%2Fwp%2Fv2%2Fmedia&parent=61255"}],"wp:term":[{"taxonomy":"category","embeddable":true,"href":"https:\/\/masquenoticiastucuman.com.ar\/index.php?rest_route=%2Fwp%2Fv2%2Fcategories&post=61255"},{"taxonomy":"post_tag","embeddable":true,"href":"https:\/\/masquenoticiastucuman.com.ar\/index.php?rest_route=%2Fwp%2Fv2%2Ftags&post=61255"}],"curies":[{"name":"wp","href":"https:\/\/api.w.org\/{rel}","templated":true}]}}