{"id":61258,"date":"2026-04-24T13:46:40","date_gmt":"2026-04-24T16:46:40","guid":{"rendered":"http:\/\/masquenoticiastucuman.com.ar\/?p=61258"},"modified":"2026-04-24T13:46:40","modified_gmt":"2026-04-24T16:46:40","slug":"la-enfermeria-del-mundial-de-lamine-yamal-al-cuti-romero-y-estevao-todas-las-figuras-en-duda-por-lesion-y-las-bajas-confirmadas","status":"publish","type":"post","link":"https:\/\/masquenoticiastucuman.com.ar\/?p=61258","title":{"rendered":"La enfermer\u00eda del Mundial: de Lamine Yamal al Cuti Romero y Estevao, todas las figuras en duda por lesi\u00f3n y las bajas confirmadas"},"content":{"rendered":"<ul>\n<li>El crack del Barcelona encendi\u00f3 las alarmas de todos los fan\u00e1ticos del f\u00fatbol.<\/li>\n<li>Su nombre encabeza una lista de pesos pesados que est\u00e1n tocados o al l\u00edmite.<\/li>\n<li>La Scaloneta sufre por el Cuti, al igual que Brasil que ya perdi\u00f3 a Rodrygo.<\/li>\n<\/ul>\n<p>\u200bEl crack del Barcelona encendi\u00f3 las alarmas de todos los fan\u00e1ticos del f\u00fatbol.Su nombre encabeza una lista de pesos pesados que est\u00e1n tocados o al l\u00edmite.La Scaloneta sufre por el Cuti, al igual que Brasil que ya perdi\u00f3 a Rodrygo.\u00a0<a href=\"https:\/\/www.clarin.com\/deportes\/enfermeria-mundial-lamine-yamal-cuti-romero-estevao-todas-figuras-duda-lesion-bajas-confirmadas_0_sybFTVKGL5.html\" target=\"_blank\" class=\"feedzy-rss-link-icon\">Read More<\/a><\/p>","protected":false},"excerpt":{"rendered":"<p>El crack del Barcelona encendi\u00f3 las alarmas de todos los fan\u00e1ticos del f\u00fatbol. Su nombre&#8230;<\/p>\n","protected":false},"author":1,"featured_media":0,"comment_status":"open","ping_status":"open","sticky":false,"template":"","format":"standard","meta":{"footnotes":""},"categories":[6],"tags":[],"class_list":["post-61258","post","type-post","status-publish","format-standard","has-post-thumbnail","hentry","category-deportes"],"_links":{"self":[{"href":"https:\/\/masquenoticiastucuman.com.ar\/index.php?rest_route=\/wp\/v2\/posts\/61258","targetHints":{"allow":["GET"]}}],"collection":[{"href":"https:\/\/masquenoticiastucuman.com.ar\/index.php?rest_route=\/wp\/v2\/posts"}],"about":[{"href":"https:\/\/masquenoticiastucuman.com.ar\/index.php?rest_route=\/wp\/v2\/types\/post"}],"author":[{"embeddable":true,"href":"https:\/\/masquenoticiastucuman.com.ar\/index.php?rest_route=\/wp\/v2\/users\/1"}],"replies":[{"embeddable":true,"href":"https:\/\/masquenoticiastucuman.com.ar\/index.php?rest_route=%2Fwp%2Fv2%2Fcomments&post=61258"}],"version-history":[{"count":0,"href":"https:\/\/masquenoticiastucuman.com.ar\/index.php?rest_route=\/wp\/v2\/posts\/61258\/revisions"}],"wp:attachment":[{"href":"https:\/\/masquenoticiastucuman.com.ar\/index.php?rest_route=%2Fwp%2Fv2%2Fmedia&parent=61258"}],"wp:term":[{"taxonomy":"category","embeddable":true,"href":"https:\/\/masquenoticiastucuman.com.ar\/index.php?rest_route=%2Fwp%2Fv2%2Fcategories&post=61258"},{"taxonomy":"post_tag","embeddable":true,"href":"https:\/\/masquenoticiastucuman.com.ar\/index.php?rest_route=%2Fwp%2Fv2%2Ftags&post=61258"}],"curies":[{"name":"wp","href":"https:\/\/api.w.org\/{rel}","templated":true}]}}