{"id":61259,"date":"2026-04-24T13:12:52","date_gmt":"2026-04-24T16:12:52","guid":{"rendered":"http:\/\/masquenoticiastucuman.com.ar\/?p=61259"},"modified":"2026-04-24T13:12:52","modified_gmt":"2026-04-24T16:12:52","slug":"carlos-alcaraz-anuncio-que-sera-baja-en-roma-y-roland-garros-por-lesion","status":"publish","type":"post","link":"https:\/\/masquenoticiastucuman.com.ar\/?p=61259","title":{"rendered":"Carlos Alcaraz anunci\u00f3 que ser\u00e1 baja en Roma y Roland Garros por lesi\u00f3n"},"content":{"rendered":"<ul>\n<li>El espa\u00f1ol sufre un dolor en su mu\u00f1eca derecha.<\/li>\n<li>Es el \u00faltimo campe\u00f3n del Abierto de Francia.<\/li>\n<\/ul>\n<p>\u200bEl espa\u00f1ol sufre un dolor en su mu\u00f1eca derecha.Es el \u00faltimo campe\u00f3n del Abierto de Francia.\u00a0<a href=\"https:\/\/www.clarin.com\/deportes\/carlos-alcaraz-anuncio-baja-roma-roland-garros-lesion_0_QOIb5SQFGI.html\" target=\"_blank\" class=\"feedzy-rss-link-icon\">Read More<\/a><\/p>","protected":false},"excerpt":{"rendered":"<p>El espa\u00f1ol sufre un dolor en su mu\u00f1eca derecha. Es el \u00faltimo campe\u00f3n del Abierto&#8230;<\/p>\n","protected":false},"author":1,"featured_media":0,"comment_status":"open","ping_status":"open","sticky":false,"template":"","format":"standard","meta":{"footnotes":""},"categories":[6],"tags":[],"class_list":["post-61259","post","type-post","status-publish","format-standard","has-post-thumbnail","hentry","category-deportes"],"_links":{"self":[{"href":"https:\/\/masquenoticiastucuman.com.ar\/index.php?rest_route=\/wp\/v2\/posts\/61259","targetHints":{"allow":["GET"]}}],"collection":[{"href":"https:\/\/masquenoticiastucuman.com.ar\/index.php?rest_route=\/wp\/v2\/posts"}],"about":[{"href":"https:\/\/masquenoticiastucuman.com.ar\/index.php?rest_route=\/wp\/v2\/types\/post"}],"author":[{"embeddable":true,"href":"https:\/\/masquenoticiastucuman.com.ar\/index.php?rest_route=\/wp\/v2\/users\/1"}],"replies":[{"embeddable":true,"href":"https:\/\/masquenoticiastucuman.com.ar\/index.php?rest_route=%2Fwp%2Fv2%2Fcomments&post=61259"}],"version-history":[{"count":0,"href":"https:\/\/masquenoticiastucuman.com.ar\/index.php?rest_route=\/wp\/v2\/posts\/61259\/revisions"}],"wp:attachment":[{"href":"https:\/\/masquenoticiastucuman.com.ar\/index.php?rest_route=%2Fwp%2Fv2%2Fmedia&parent=61259"}],"wp:term":[{"taxonomy":"category","embeddable":true,"href":"https:\/\/masquenoticiastucuman.com.ar\/index.php?rest_route=%2Fwp%2Fv2%2Fcategories&post=61259"},{"taxonomy":"post_tag","embeddable":true,"href":"https:\/\/masquenoticiastucuman.com.ar\/index.php?rest_route=%2Fwp%2Fv2%2Ftags&post=61259"}],"curies":[{"name":"wp","href":"https:\/\/api.w.org\/{rel}","templated":true}]}}