{"id":61261,"date":"2026-04-24T09:00:37","date_gmt":"2026-04-24T12:00:37","guid":{"rendered":"http:\/\/masquenoticiastucuman.com.ar\/?p=61261"},"modified":"2026-04-24T09:00:37","modified_gmt":"2026-04-24T12:00:37","slug":"panorama-internacional-ee-uu-iran-crisis-y-muchas-manos-sencillas","status":"publish","type":"post","link":"https:\/\/masquenoticiastucuman.com.ar\/?p=61261","title":{"rendered":"Panorama internacional: EE.UU., Ir\u00e1n, crisis y (muchas) manos sencillas"},"content":{"rendered":"<p>La historia de este conflicto es el de una retah\u00edla de oportunidades perdidas de apaciguamiento y miop\u00eda compartida sobre lo que est\u00e1 en juego. Caracter\u00edstica que envuelve a todas las partes y se ha agudizado en medio de los intentos espasm\u00f3dicos para una negociaci\u00f3n.<\/p>\n<p>\u200bLa historia de este conflicto es el de una retah\u00edla de oportunidades perdidas de apaciguamiento y miop\u00eda compartida sobre lo que est\u00e1 en juego. Caracter\u00edstica que envuelve a todas las partes y se ha agudizado en medio de los intentos espasm\u00f3dicos para una negociaci\u00f3n.\u00a0<a href=\"https:\/\/www.clarin.com\/mundo\/panorama-internacional-eeuu-iran-crisis-muchas-manos-sencillas_0_rIOkNsSnQb.html\" target=\"_blank\" class=\"feedzy-rss-link-icon\">Read More<\/a><\/p>","protected":false},"excerpt":{"rendered":"<p>La historia de este conflicto es el de una retah\u00edla de oportunidades perdidas de apaciguamiento&#8230;<\/p>\n","protected":false},"author":1,"featured_media":61262,"comment_status":"open","ping_status":"open","sticky":false,"template":"","format":"standard","meta":{"footnotes":""},"categories":[4],"tags":[],"class_list":["post-61261","post","type-post","status-publish","format-standard","has-post-thumbnail","hentry","category-internacionales"],"_links":{"self":[{"href":"https:\/\/masquenoticiastucuman.com.ar\/index.php?rest_route=\/wp\/v2\/posts\/61261","targetHints":{"allow":["GET"]}}],"collection":[{"href":"https:\/\/masquenoticiastucuman.com.ar\/index.php?rest_route=\/wp\/v2\/posts"}],"about":[{"href":"https:\/\/masquenoticiastucuman.com.ar\/index.php?rest_route=\/wp\/v2\/types\/post"}],"author":[{"embeddable":true,"href":"https:\/\/masquenoticiastucuman.com.ar\/index.php?rest_route=\/wp\/v2\/users\/1"}],"replies":[{"embeddable":true,"href":"https:\/\/masquenoticiastucuman.com.ar\/index.php?rest_route=%2Fwp%2Fv2%2Fcomments&post=61261"}],"version-history":[{"count":0,"href":"https:\/\/masquenoticiastucuman.com.ar\/index.php?rest_route=\/wp\/v2\/posts\/61261\/revisions"}],"wp:featuredmedia":[{"embeddable":true,"href":"https:\/\/masquenoticiastucuman.com.ar\/index.php?rest_route=\/wp\/v2\/media\/61262"}],"wp:attachment":[{"href":"https:\/\/masquenoticiastucuman.com.ar\/index.php?rest_route=%2Fwp%2Fv2%2Fmedia&parent=61261"}],"wp:term":[{"taxonomy":"category","embeddable":true,"href":"https:\/\/masquenoticiastucuman.com.ar\/index.php?rest_route=%2Fwp%2Fv2%2Fcategories&post=61261"},{"taxonomy":"post_tag","embeddable":true,"href":"https:\/\/masquenoticiastucuman.com.ar\/index.php?rest_route=%2Fwp%2Fv2%2Ftags&post=61261"}],"curies":[{"name":"wp","href":"https:\/\/api.w.org\/{rel}","templated":true}]}}