{"id":61263,"date":"2026-04-24T14:31:20","date_gmt":"2026-04-24T17:31:20","guid":{"rendered":"http:\/\/masquenoticiastucuman.com.ar\/?p=61263"},"modified":"2026-04-24T14:31:20","modified_gmt":"2026-04-24T17:31:20","slug":"lo-agarraron-los-dai-li-arrestan-en-singapur-a-un-hombre-por-filtrar-la-pelicula-de-avatar-la-leyenda-de-aang-y-podria-enfrentar-7-anos-de-prision","status":"publish","type":"post","link":"https:\/\/masquenoticiastucuman.com.ar\/?p=61263","title":{"rendered":"Lo agarraron los &#8220;Dai Li&#8221;: arrestan en Singapur a un hombre por filtrar la pel\u00edcula de &#8216;Avatar: La Leyenda de Aang&#8217; y podr\u00eda enfrentar 7 a\u00f1os de prisi\u00f3n"},"content":{"rendered":"<ul>\n<li>El joven habr\u00eda hackeado los servidores de Paramount para filtrar la nueva pel\u00edcula de Avatar y enfrentar\u00eda una condena r\u00e9cord.<\/li>\n<li>Animadores y fans repudian la filtraci\u00f3n masiva de &#8216;The Legend of Aang&#8217; y exigen que la pel\u00edcula regrese a los cines tras el esc\u00e1ndalo.<\/li>\n<\/ul>\n<p>\u200bEl joven habr\u00eda hackeado los servidores de Paramount para filtrar la nueva pel\u00edcula de Avatar y enfrentar\u00eda una condena r\u00e9cord.Animadores y fans repudian la filtraci\u00f3n masiva de &#8216;The Legend of Aang&#8217; y exigen que la pel\u00edcula regrese a los cines tras el esc\u00e1ndalo.\u00a0<a href=\"https:\/\/www.clarin.com\/estados-unidos\/agarraron-dai-li-arrestan-singapur-hombre-filtrar-pelicula-avatar-leyenda-aang-podria-enfrentar-7-anos-prision_0_xccH8JA65W.html\" target=\"_blank\" class=\"feedzy-rss-link-icon\">Read More<\/a><\/p>","protected":false},"excerpt":{"rendered":"<p>El joven habr\u00eda hackeado los servidores de Paramount para filtrar la nueva pel\u00edcula de Avatar&#8230;<\/p>\n","protected":false},"author":1,"featured_media":0,"comment_status":"open","ping_status":"open","sticky":false,"template":"","format":"standard","meta":{"footnotes":""},"categories":[5],"tags":[],"class_list":["post-61263","post","type-post","status-publish","format-standard","has-post-thumbnail","hentry","category-espectaculo"],"_links":{"self":[{"href":"https:\/\/masquenoticiastucuman.com.ar\/index.php?rest_route=\/wp\/v2\/posts\/61263","targetHints":{"allow":["GET"]}}],"collection":[{"href":"https:\/\/masquenoticiastucuman.com.ar\/index.php?rest_route=\/wp\/v2\/posts"}],"about":[{"href":"https:\/\/masquenoticiastucuman.com.ar\/index.php?rest_route=\/wp\/v2\/types\/post"}],"author":[{"embeddable":true,"href":"https:\/\/masquenoticiastucuman.com.ar\/index.php?rest_route=\/wp\/v2\/users\/1"}],"replies":[{"embeddable":true,"href":"https:\/\/masquenoticiastucuman.com.ar\/index.php?rest_route=%2Fwp%2Fv2%2Fcomments&post=61263"}],"version-history":[{"count":0,"href":"https:\/\/masquenoticiastucuman.com.ar\/index.php?rest_route=\/wp\/v2\/posts\/61263\/revisions"}],"wp:attachment":[{"href":"https:\/\/masquenoticiastucuman.com.ar\/index.php?rest_route=%2Fwp%2Fv2%2Fmedia&parent=61263"}],"wp:term":[{"taxonomy":"category","embeddable":true,"href":"https:\/\/masquenoticiastucuman.com.ar\/index.php?rest_route=%2Fwp%2Fv2%2Fcategories&post=61263"},{"taxonomy":"post_tag","embeddable":true,"href":"https:\/\/masquenoticiastucuman.com.ar\/index.php?rest_route=%2Fwp%2Fv2%2Ftags&post=61263"}],"curies":[{"name":"wp","href":"https:\/\/api.w.org\/{rel}","templated":true}]}}