{"id":61264,"date":"2026-04-24T14:17:04","date_gmt":"2026-04-24T17:17:04","guid":{"rendered":"http:\/\/masquenoticiastucuman.com.ar\/?p=61264"},"modified":"2026-04-24T14:17:04","modified_gmt":"2026-04-24T17:17:04","slug":"el-encuentro-de-franco-colapinto-con-la-prensa-en-mercado-libre-carisma-de-rockstar-guinos-con-ivan-de-pineda-y-la-frase-que-ilusiona","status":"publish","type":"post","link":"https:\/\/masquenoticiastucuman.com.ar\/?p=61264","title":{"rendered":"El encuentro de Franco Colapinto con la prensa en Mercado Libre: carisma de rockstar, gui\u00f1os con Iv\u00e1n de Pineda y la frase que ilusiona"},"content":{"rendered":"<ul>\n<li>El piloto argentino revolucion\u00f3 el edificio ubicado en el barrio de Saavedra.<\/li>\n<li>Brome\u00f3 y se emocion\u00f3 por lo que le espera el domingo, ante 500 mil fan\u00e1ticos.<\/li>\n<li>Pero tambi\u00e9n remarc\u00f3 la importancia del evento para aspirar a recibir la F\u00f3rmula 1.<\/li>\n<\/ul>\n<p>\u200bEl piloto argentino revolucion\u00f3 el edificio ubicado en el barrio de Saavedra.Brome\u00f3 y se emocion\u00f3 por lo que le espera el domingo, ante 500 mil fan\u00e1ticos.Pero tambi\u00e9n remarc\u00f3 la importancia del evento para aspirar a recibir la F\u00f3rmula 1.\u00a0<a href=\"https:\/\/www.clarin.com\/deportes\/encuentro-franco-colapinto-prensa-mercado-libre-carisma-rockstar-guinos-ivan-pineda-frase-ilusiona_0_EvUFQ2VDEx.html\" target=\"_blank\" class=\"feedzy-rss-link-icon\">Read More<\/a><\/p>","protected":false},"excerpt":{"rendered":"<p>El piloto argentino revolucion\u00f3 el edificio ubicado en el barrio de Saavedra. Brome\u00f3 y se&#8230;<\/p>\n","protected":false},"author":1,"featured_media":0,"comment_status":"open","ping_status":"open","sticky":false,"template":"","format":"standard","meta":{"footnotes":""},"categories":[6],"tags":[],"class_list":["post-61264","post","type-post","status-publish","format-standard","has-post-thumbnail","hentry","category-deportes"],"_links":{"self":[{"href":"https:\/\/masquenoticiastucuman.com.ar\/index.php?rest_route=\/wp\/v2\/posts\/61264","targetHints":{"allow":["GET"]}}],"collection":[{"href":"https:\/\/masquenoticiastucuman.com.ar\/index.php?rest_route=\/wp\/v2\/posts"}],"about":[{"href":"https:\/\/masquenoticiastucuman.com.ar\/index.php?rest_route=\/wp\/v2\/types\/post"}],"author":[{"embeddable":true,"href":"https:\/\/masquenoticiastucuman.com.ar\/index.php?rest_route=\/wp\/v2\/users\/1"}],"replies":[{"embeddable":true,"href":"https:\/\/masquenoticiastucuman.com.ar\/index.php?rest_route=%2Fwp%2Fv2%2Fcomments&post=61264"}],"version-history":[{"count":0,"href":"https:\/\/masquenoticiastucuman.com.ar\/index.php?rest_route=\/wp\/v2\/posts\/61264\/revisions"}],"wp:attachment":[{"href":"https:\/\/masquenoticiastucuman.com.ar\/index.php?rest_route=%2Fwp%2Fv2%2Fmedia&parent=61264"}],"wp:term":[{"taxonomy":"category","embeddable":true,"href":"https:\/\/masquenoticiastucuman.com.ar\/index.php?rest_route=%2Fwp%2Fv2%2Fcategories&post=61264"},{"taxonomy":"post_tag","embeddable":true,"href":"https:\/\/masquenoticiastucuman.com.ar\/index.php?rest_route=%2Fwp%2Fv2%2Ftags&post=61264"}],"curies":[{"name":"wp","href":"https:\/\/api.w.org\/{rel}","templated":true}]}}