{"id":61265,"date":"2026-04-24T16:13:03","date_gmt":"2026-04-24T19:13:03","guid":{"rendered":"http:\/\/masquenoticiastucuman.com.ar\/?p=61265"},"modified":"2026-04-24T16:13:03","modified_gmt":"2026-04-24T19:13:03","slug":"nissan-se-retira-de-la-argentina-y-deja-su-operacion-comercial-a-dos-grupos-locales","status":"publish","type":"post","link":"https:\/\/masquenoticiastucuman.com.ar\/?p=61265","title":{"rendered":"Nissan se retira de la Argentina y deja su operaci\u00f3n comercial a dos grupos locales"},"content":{"rendered":"<p>Hab\u00eda cerrado su f\u00e1brica de C\u00f3rdoba en octubre. Ahora deja de operar como terminal automotriz, tras poco m\u00e1s de una d\u00e9cada, y negocia la licencia de su red comercial y su plan de ahorro a los grupos locales Simpa y Tagle.<\/p>\n<p>\u200bHab\u00eda cerrado su f\u00e1brica de C\u00f3rdoba en octubre. Ahora deja de operar como terminal automotriz, tras poco m\u00e1s de una d\u00e9cada, y negocia la licencia de su red comercial y su plan de ahorro a los grupos locales Simpa y Tagle.\u00a0<a href=\"https:\/\/www.clarin.com\/economia\/nissan-retira-argentina-deja-operacion-comercial-grupos-locales_0_TESmhtmVLE.html\" target=\"_blank\" class=\"feedzy-rss-link-icon\">Read More<\/a><\/p>","protected":false},"excerpt":{"rendered":"<p>Hab\u00eda cerrado su f\u00e1brica de C\u00f3rdoba en octubre. Ahora deja de operar como terminal automotriz,&#8230;<\/p>\n","protected":false},"author":1,"featured_media":0,"comment_status":"open","ping_status":"open","sticky":false,"template":"","format":"standard","meta":{"footnotes":""},"categories":[3],"tags":[],"class_list":["post-61265","post","type-post","status-publish","format-standard","has-post-thumbnail","hentry","category-nacionales"],"_links":{"self":[{"href":"https:\/\/masquenoticiastucuman.com.ar\/index.php?rest_route=\/wp\/v2\/posts\/61265","targetHints":{"allow":["GET"]}}],"collection":[{"href":"https:\/\/masquenoticiastucuman.com.ar\/index.php?rest_route=\/wp\/v2\/posts"}],"about":[{"href":"https:\/\/masquenoticiastucuman.com.ar\/index.php?rest_route=\/wp\/v2\/types\/post"}],"author":[{"embeddable":true,"href":"https:\/\/masquenoticiastucuman.com.ar\/index.php?rest_route=\/wp\/v2\/users\/1"}],"replies":[{"embeddable":true,"href":"https:\/\/masquenoticiastucuman.com.ar\/index.php?rest_route=%2Fwp%2Fv2%2Fcomments&post=61265"}],"version-history":[{"count":0,"href":"https:\/\/masquenoticiastucuman.com.ar\/index.php?rest_route=\/wp\/v2\/posts\/61265\/revisions"}],"wp:attachment":[{"href":"https:\/\/masquenoticiastucuman.com.ar\/index.php?rest_route=%2Fwp%2Fv2%2Fmedia&parent=61265"}],"wp:term":[{"taxonomy":"category","embeddable":true,"href":"https:\/\/masquenoticiastucuman.com.ar\/index.php?rest_route=%2Fwp%2Fv2%2Fcategories&post=61265"},{"taxonomy":"post_tag","embeddable":true,"href":"https:\/\/masquenoticiastucuman.com.ar\/index.php?rest_route=%2Fwp%2Fv2%2Ftags&post=61265"}],"curies":[{"name":"wp","href":"https:\/\/api.w.org\/{rel}","templated":true}]}}