{"id":61267,"date":"2026-04-24T15:32:24","date_gmt":"2026-04-24T18:32:24","guid":{"rendered":"http:\/\/masquenoticiastucuman.com.ar\/?p=61267"},"modified":"2026-04-24T15:32:24","modified_gmt":"2026-04-24T18:32:24","slug":"estados-unidos-quiere-volver-al-peloton-de-fusilamiento-como-metodo-de-ejecucion-para-condenados-a-muerte","status":"publish","type":"post","link":"https:\/\/masquenoticiastucuman.com.ar\/?p=61267","title":{"rendered":"Estados Unidos quiere volver al pelot\u00f3n de fusilamiento como m\u00e9todo de ejecuci\u00f3n para condenados a muerte"},"content":{"rendered":"<ul>\n<li>El Departamento de Justicia ajustar\u00e1 protocolos tras un pedido de Donald Trump. <\/li>\n<li>El republicano hab\u00eda ordenado acelerar el cumplimiento de sentencias de muerte en casos que hayan agotado instancias de apelaci\u00f3n.<\/li>\n<\/ul>\n<p>\u200bEl Departamento de Justicia ajustar\u00e1 protocolos tras un pedido de Donald Trump. El republicano hab\u00eda ordenado acelerar el cumplimiento de sentencias de muerte en casos que hayan agotado instancias de apelaci\u00f3n.\u00a0<a href=\"https:\/\/www.clarin.com\/mundo\/estados-unidos-quiere-volver-peloton-fusilamiento-metodo-ejecucion-condenados-muerte_0_772YBaN0rU.html\" target=\"_blank\" class=\"feedzy-rss-link-icon\">Read More<\/a><\/p>","protected":false},"excerpt":{"rendered":"<p>El Departamento de Justicia ajustar\u00e1 protocolos tras un pedido de Donald Trump. El republicano hab\u00eda&#8230;<\/p>\n","protected":false},"author":1,"featured_media":61268,"comment_status":"open","ping_status":"open","sticky":false,"template":"","format":"standard","meta":{"footnotes":""},"categories":[4],"tags":[],"class_list":["post-61267","post","type-post","status-publish","format-standard","has-post-thumbnail","hentry","category-internacionales"],"_links":{"self":[{"href":"https:\/\/masquenoticiastucuman.com.ar\/index.php?rest_route=\/wp\/v2\/posts\/61267","targetHints":{"allow":["GET"]}}],"collection":[{"href":"https:\/\/masquenoticiastucuman.com.ar\/index.php?rest_route=\/wp\/v2\/posts"}],"about":[{"href":"https:\/\/masquenoticiastucuman.com.ar\/index.php?rest_route=\/wp\/v2\/types\/post"}],"author":[{"embeddable":true,"href":"https:\/\/masquenoticiastucuman.com.ar\/index.php?rest_route=\/wp\/v2\/users\/1"}],"replies":[{"embeddable":true,"href":"https:\/\/masquenoticiastucuman.com.ar\/index.php?rest_route=%2Fwp%2Fv2%2Fcomments&post=61267"}],"version-history":[{"count":0,"href":"https:\/\/masquenoticiastucuman.com.ar\/index.php?rest_route=\/wp\/v2\/posts\/61267\/revisions"}],"wp:featuredmedia":[{"embeddable":true,"href":"https:\/\/masquenoticiastucuman.com.ar\/index.php?rest_route=\/wp\/v2\/media\/61268"}],"wp:attachment":[{"href":"https:\/\/masquenoticiastucuman.com.ar\/index.php?rest_route=%2Fwp%2Fv2%2Fmedia&parent=61267"}],"wp:term":[{"taxonomy":"category","embeddable":true,"href":"https:\/\/masquenoticiastucuman.com.ar\/index.php?rest_route=%2Fwp%2Fv2%2Fcategories&post=61267"},{"taxonomy":"post_tag","embeddable":true,"href":"https:\/\/masquenoticiastucuman.com.ar\/index.php?rest_route=%2Fwp%2Fv2%2Ftags&post=61267"}],"curies":[{"name":"wp","href":"https:\/\/api.w.org\/{rel}","templated":true}]}}