{"id":61272,"date":"2026-04-24T15:59:26","date_gmt":"2026-04-24T18:59:26","guid":{"rendered":"http:\/\/masquenoticiastucuman.com.ar\/?p=61272"},"modified":"2026-04-24T15:59:26","modified_gmt":"2026-04-24T18:59:26","slug":"nicolas-otamendi-el-hombre-del-momento-river-lo-busca-mourinho-le-hizo-un-guino-en-benfica-y-le-perdonan-la-roja-en-el-mundial","status":"publish","type":"post","link":"https:\/\/masquenoticiastucuman.com.ar\/?p=61272","title":{"rendered":"Nicol\u00e1s Otamendi, el hombre del momento: River lo busca, Mourinho le hizo un gui\u00f1o en Benfica, \u00bfy le perdonan la roja en el Mundial?"},"content":{"rendered":"<ul>\n<li>El defensor, fan\u00e1tico del Millonario, es apuntado por Coudet para el mercado de pases.<\/li>\n<li>Su DT en Portugal ya le dio libertad de acci\u00f3n &#8220;por todo lo que le dio&#8221; al club de Lisboa.<\/li>\n<li>Mientras tanto, trascendi\u00f3 que la FIFA planea una amnist\u00eda para los jugadores con sanci\u00f3n. <\/li>\n<\/ul>\n<p>\u200bEl defensor, fan\u00e1tico del Millonario, es apuntado por Coudet para el mercado de pases.Su DT en Portugal ya le dio libertad de acci\u00f3n &#8220;por todo lo que le dio&#8221; al club de Lisboa.Mientras tanto, trascendi\u00f3 que la FIFA planea una amnist\u00eda para los jugadores con sanci\u00f3n.\u00a0<a href=\"https:\/\/www.clarin.com\/deportes\/nicolas-otamendi-hombre-momento-river-busca-mourinho-hizo-guino-benfica-perdonan-roja-mundial_0_QX1uX3UhS3.html\" target=\"_blank\" class=\"feedzy-rss-link-icon\">Read More<\/a><\/p>","protected":false},"excerpt":{"rendered":"<p>El defensor, fan\u00e1tico del Millonario, es apuntado por Coudet para el mercado de pases. Su&#8230;<\/p>\n","protected":false},"author":1,"featured_media":0,"comment_status":"open","ping_status":"open","sticky":false,"template":"","format":"standard","meta":{"footnotes":""},"categories":[6],"tags":[],"class_list":["post-61272","post","type-post","status-publish","format-standard","has-post-thumbnail","hentry","category-deportes"],"_links":{"self":[{"href":"https:\/\/masquenoticiastucuman.com.ar\/index.php?rest_route=\/wp\/v2\/posts\/61272","targetHints":{"allow":["GET"]}}],"collection":[{"href":"https:\/\/masquenoticiastucuman.com.ar\/index.php?rest_route=\/wp\/v2\/posts"}],"about":[{"href":"https:\/\/masquenoticiastucuman.com.ar\/index.php?rest_route=\/wp\/v2\/types\/post"}],"author":[{"embeddable":true,"href":"https:\/\/masquenoticiastucuman.com.ar\/index.php?rest_route=\/wp\/v2\/users\/1"}],"replies":[{"embeddable":true,"href":"https:\/\/masquenoticiastucuman.com.ar\/index.php?rest_route=%2Fwp%2Fv2%2Fcomments&post=61272"}],"version-history":[{"count":0,"href":"https:\/\/masquenoticiastucuman.com.ar\/index.php?rest_route=\/wp\/v2\/posts\/61272\/revisions"}],"wp:attachment":[{"href":"https:\/\/masquenoticiastucuman.com.ar\/index.php?rest_route=%2Fwp%2Fv2%2Fmedia&parent=61272"}],"wp:term":[{"taxonomy":"category","embeddable":true,"href":"https:\/\/masquenoticiastucuman.com.ar\/index.php?rest_route=%2Fwp%2Fv2%2Fcategories&post=61272"},{"taxonomy":"post_tag","embeddable":true,"href":"https:\/\/masquenoticiastucuman.com.ar\/index.php?rest_route=%2Fwp%2Fv2%2Ftags&post=61272"}],"curies":[{"name":"wp","href":"https:\/\/api.w.org\/{rel}","templated":true}]}}